{"id":4550,"date":"2023-07-07T09:41:32","date_gmt":"2023-07-07T07:41:32","guid":{"rendered":"https:\/\/wordpress.nibis.de\/gsschmedwolt\/?p=4550"},"modified":"2023-07-07T09:41:32","modified_gmt":"2023-07-07T07:41:32","slug":"05-07-2023-umzug-der-neuen-drittklaesslerinnen-nach-woltorf","status":"publish","type":"post","link":"https:\/\/wordpress.nibis.de\/gsschmedwolt\/05-07-2023-umzug-der-neuen-drittklaesslerinnen-nach-woltorf\/","title":{"rendered":"05.07.2023 &#8211; Umzug der neuen Drittkl\u00e4ssler*innen nach Woltorf"},"content":{"rendered":"<p>Am 05.07.2023 haben die Sch\u00fcler*innen des zuk\u00fcnftigen 3. Jahrgangs Abschied vom Standort in Schmedenstedt genommen. Standesgem\u00e4\u00df erfolgte der gemeinsame Umzug nach Woltorf.<\/p>\n<div id='gallery-1' class='gallery galleryid-4550 gallery-columns-3 gallery-size-medium'><figure class='gallery-item'>\n\t\t\t<div class='gallery-icon landscape'>\n\t\t\t\t<a href='https:\/\/wordpress.nibis.de\/gsschmedwolt\/files\/2023\/07\/5c2619dc-9d7d-4eef-8b22-5db8f32241c2.jpg'><img loading=\"lazy\" decoding=\"async\" width=\"300\" height=\"225\" src=\"https:\/\/wordpress.nibis.de\/gsschmedwolt\/files\/2023\/07\/5c2619dc-9d7d-4eef-8b22-5db8f32241c2-300x225.jpg\" class=\"attachment-medium size-medium\" alt=\"\" srcset=\"https:\/\/wordpress.nibis.de\/gsschmedwolt\/files\/2023\/07\/5c2619dc-9d7d-4eef-8b22-5db8f32241c2-300x225.jpg 300w, https:\/\/wordpress.nibis.de\/gsschmedwolt\/files\/2023\/07\/5c2619dc-9d7d-4eef-8b22-5db8f32241c2-800x600.jpg 800w, https:\/\/wordpress.nibis.de\/gsschmedwolt\/files\/2023\/07\/5c2619dc-9d7d-4eef-8b22-5db8f32241c2-768x576.jpg 768w, https:\/\/wordpress.nibis.de\/gsschmedwolt\/files\/2023\/07\/5c2619dc-9d7d-4eef-8b22-5db8f32241c2-1536x1152.jpg 1536w, https:\/\/wordpress.nibis.de\/gsschmedwolt\/files\/2023\/07\/5c2619dc-9d7d-4eef-8b22-5db8f32241c2.jpg 2048w\" sizes=\"auto, (max-width: 300px) 100vw, 300px\" \/><\/a>\n\t\t\t<\/div><\/figure>\n\t\t<\/div>\n\n","protected":false},"excerpt":{"rendered":"<p>Am 05.07.2023 haben die Sch\u00fcler*innen des zuk\u00fcnftigen 3. Jahrgangs Abschied vom Standort in Schmedenstedt genommen. Standesgem\u00e4\u00df erfolgte der gemeinsame Umzug nach Woltorf.<\/p>\n","protected":false},"author":9192595,"featured_media":0,"comment_status":"closed","ping_status":"closed","sticky":false,"template":"","format":"standard","meta":{"footnotes":""},"categories":[1],"tags":[],"class_list":["post-4550","post","type-post","status-publish","format-standard","hentry","category-allgemein"],"_links":{"self":[{"href":"https:\/\/wordpress.nibis.de\/gsschmedwolt\/wp-json\/wp\/v2\/posts\/4550","targetHints":{"allow":["GET"]}}],"collection":[{"href":"https:\/\/wordpress.nibis.de\/gsschmedwolt\/wp-json\/wp\/v2\/posts"}],"about":[{"href":"https:\/\/wordpress.nibis.de\/gsschmedwolt\/wp-json\/wp\/v2\/types\/post"}],"author":[{"embeddable":true,"href":"https:\/\/wordpress.nibis.de\/gsschmedwolt\/wp-json\/wp\/v2\/users\/9192595"}],"replies":[{"embeddable":true,"href":"https:\/\/wordpress.nibis.de\/gsschmedwolt\/wp-json\/wp\/v2\/comments?post=4550"}],"version-history":[{"count":1,"href":"https:\/\/wordpress.nibis.de\/gsschmedwolt\/wp-json\/wp\/v2\/posts\/4550\/revisions"}],"predecessor-version":[{"id":4553,"href":"https:\/\/wordpress.nibis.de\/gsschmedwolt\/wp-json\/wp\/v2\/posts\/4550\/revisions\/4553"}],"wp:attachment":[{"href":"https:\/\/wordpress.nibis.de\/gsschmedwolt\/wp-json\/wp\/v2\/media?parent=4550"}],"wp:term":[{"taxonomy":"category","embeddable":true,"href":"https:\/\/wordpress.nibis.de\/gsschmedwolt\/wp-json\/wp\/v2\/categories?post=4550"},{"taxonomy":"post_tag","embeddable":true,"href":"https:\/\/wordpress.nibis.de\/gsschmedwolt\/wp-json\/wp\/v2\/tags?post=4550"}],"curies":[{"name":"wp","href":"https:\/\/api.w.org\/{rel}","templated":true}]}}