{"id":4863,"date":"2024-08-25T08:28:24","date_gmt":"2024-08-25T06:28:24","guid":{"rendered":"https:\/\/wordpress.nibis.de\/gsschmedwolt\/?p=4863"},"modified":"2024-08-25T14:38:10","modified_gmt":"2024-08-25T12:38:10","slug":"21-06-2024-verabschiedungsfeier-unserer-ehemaligen-viertklaesslerinnen","status":"publish","type":"post","link":"https:\/\/wordpress.nibis.de\/gsschmedwolt\/21-06-2024-verabschiedungsfeier-unserer-ehemaligen-viertklaesslerinnen\/","title":{"rendered":"21.06.2024 &#8211; Verabschiedungsfeier unserer ehemaligen Viertkl\u00e4ssler*innen"},"content":{"rendered":"<p>Mit einer gemeinsamen Verabschiedungsfeier wurden am 21.06.2024 die ehemaligen Viertkl\u00e4ssler*innen auf dem Schulhof in Woltorf verabschiedet. Wir w\u00fcnschen unseren ehemaligen Sch\u00fcler*innen wundersch\u00f6ne Sommerferien und einen guten Start an ihren neuen Schule. Wir werden euch vermissen!<\/p>\n<div id='gallery-1' class='gallery galleryid-4863 gallery-columns-3 gallery-size-medium'><figure class='gallery-item'>\n\t\t\t<div class='gallery-icon portrait'>\n\t\t\t\t<a href='https:\/\/wordpress.nibis.de\/gsschmedwolt\/files\/2024\/08\/27e74c6d-57b1-4ae7-85b5-96dadb192025.jpeg'><img loading=\"lazy\" decoding=\"async\" width=\"225\" height=\"300\" src=\"https:\/\/wordpress.nibis.de\/gsschmedwolt\/files\/2024\/08\/27e74c6d-57b1-4ae7-85b5-96dadb192025-225x300.jpeg\" class=\"attachment-medium size-medium\" alt=\"\" srcset=\"https:\/\/wordpress.nibis.de\/gsschmedwolt\/files\/2024\/08\/27e74c6d-57b1-4ae7-85b5-96dadb192025-225x300.jpeg 225w, https:\/\/wordpress.nibis.de\/gsschmedwolt\/files\/2024\/08\/27e74c6d-57b1-4ae7-85b5-96dadb192025-450x600.jpeg 450w, https:\/\/wordpress.nibis.de\/gsschmedwolt\/files\/2024\/08\/27e74c6d-57b1-4ae7-85b5-96dadb192025-768x1024.jpeg 768w, https:\/\/wordpress.nibis.de\/gsschmedwolt\/files\/2024\/08\/27e74c6d-57b1-4ae7-85b5-96dadb192025-1152x1536.jpeg 1152w, https:\/\/wordpress.nibis.de\/gsschmedwolt\/files\/2024\/08\/27e74c6d-57b1-4ae7-85b5-96dadb192025.jpeg 1200w\" sizes=\"auto, (max-width: 225px) 100vw, 225px\" \/><\/a>\n\t\t\t<\/div><\/figure><figure class='gallery-item'>\n\t\t\t<div class='gallery-icon landscape'>\n\t\t\t\t<a href='https:\/\/wordpress.nibis.de\/gsschmedwolt\/files\/2024\/08\/35e04143-d746-4d6f-b23b-c47456b82740.jpeg'><img loading=\"lazy\" decoding=\"async\" width=\"300\" height=\"225\" src=\"https:\/\/wordpress.nibis.de\/gsschmedwolt\/files\/2024\/08\/35e04143-d746-4d6f-b23b-c47456b82740-300x225.jpeg\" class=\"attachment-medium size-medium\" alt=\"\" srcset=\"https:\/\/wordpress.nibis.de\/gsschmedwolt\/files\/2024\/08\/35e04143-d746-4d6f-b23b-c47456b82740-300x225.jpeg 300w, https:\/\/wordpress.nibis.de\/gsschmedwolt\/files\/2024\/08\/35e04143-d746-4d6f-b23b-c47456b82740-800x600.jpeg 800w, https:\/\/wordpress.nibis.de\/gsschmedwolt\/files\/2024\/08\/35e04143-d746-4d6f-b23b-c47456b82740-768x576.jpeg 768w, https:\/\/wordpress.nibis.de\/gsschmedwolt\/files\/2024\/08\/35e04143-d746-4d6f-b23b-c47456b82740-1536x1152.jpeg 1536w, https:\/\/wordpress.nibis.de\/gsschmedwolt\/files\/2024\/08\/35e04143-d746-4d6f-b23b-c47456b82740.jpeg 1600w\" sizes=\"auto, (max-width: 300px) 100vw, 300px\" \/><\/a>\n\t\t\t<\/div><\/figure>\n\t\t<\/div>\n\n","protected":false},"excerpt":{"rendered":"<p>Mit einer gemeinsamen Verabschiedungsfeier wurden am 21.06.2024 die ehemaligen Viertkl\u00e4ssler*innen auf dem Schulhof in Woltorf verabschiedet. Wir w\u00fcnschen unseren ehemaligen Sch\u00fcler*innen wundersch\u00f6ne Sommerferien und einen guten Start an ihren neuen Schule. Wir werden euch vermissen!<\/p>\n","protected":false},"author":9192595,"featured_media":0,"comment_status":"closed","ping_status":"closed","sticky":false,"template":"","format":"standard","meta":{"footnotes":""},"categories":[1],"tags":[],"class_list":["post-4863","post","type-post","status-publish","format-standard","hentry","category-allgemein"],"_links":{"self":[{"href":"https:\/\/wordpress.nibis.de\/gsschmedwolt\/wp-json\/wp\/v2\/posts\/4863","targetHints":{"allow":["GET"]}}],"collection":[{"href":"https:\/\/wordpress.nibis.de\/gsschmedwolt\/wp-json\/wp\/v2\/posts"}],"about":[{"href":"https:\/\/wordpress.nibis.de\/gsschmedwolt\/wp-json\/wp\/v2\/types\/post"}],"author":[{"embeddable":true,"href":"https:\/\/wordpress.nibis.de\/gsschmedwolt\/wp-json\/wp\/v2\/users\/9192595"}],"replies":[{"embeddable":true,"href":"https:\/\/wordpress.nibis.de\/gsschmedwolt\/wp-json\/wp\/v2\/comments?post=4863"}],"version-history":[{"count":2,"href":"https:\/\/wordpress.nibis.de\/gsschmedwolt\/wp-json\/wp\/v2\/posts\/4863\/revisions"}],"predecessor-version":[{"id":4884,"href":"https:\/\/wordpress.nibis.de\/gsschmedwolt\/wp-json\/wp\/v2\/posts\/4863\/revisions\/4884"}],"wp:attachment":[{"href":"https:\/\/wordpress.nibis.de\/gsschmedwolt\/wp-json\/wp\/v2\/media?parent=4863"}],"wp:term":[{"taxonomy":"category","embeddable":true,"href":"https:\/\/wordpress.nibis.de\/gsschmedwolt\/wp-json\/wp\/v2\/categories?post=4863"},{"taxonomy":"post_tag","embeddable":true,"href":"https:\/\/wordpress.nibis.de\/gsschmedwolt\/wp-json\/wp\/v2\/tags?post=4863"}],"curies":[{"name":"wp","href":"https:\/\/api.w.org\/{rel}","templated":true}]}}