{"id":5011,"date":"2024-12-10T16:55:21","date_gmt":"2024-12-10T15:55:21","guid":{"rendered":"https:\/\/wordpress.nibis.de\/gsschmedwolt\/?p=5011"},"modified":"2024-12-10T17:04:28","modified_gmt":"2024-12-10T16:04:28","slug":"06-12-2024-warnwesten-fuer-unsere-erstklaesslerinnen-und-erstklaessler","status":"publish","type":"post","link":"https:\/\/wordpress.nibis.de\/gsschmedwolt\/06-12-2024-warnwesten-fuer-unsere-erstklaesslerinnen-und-erstklaessler\/","title":{"rendered":"06.12.2024 &#8211; Warnwesten f\u00fcr unsere Erstkl\u00e4sslerinnen und Erstkl\u00e4ssler"},"content":{"rendered":"<p>Am 06.12.2024 durften unsere Erstkl\u00e4sslerinnen und Erstkl\u00e4ssler neue Warnwesten mit unserem Schullogo in Empfang nehmen. Wir danken unserem F\u00f6rderverein f\u00fcr die Unterst\u00fctzung dieser Aktion.<\/p>\n<div id='gallery-1' class='gallery galleryid-5011 gallery-columns-3 gallery-size-medium'><figure class='gallery-item'>\n\t\t\t<div class='gallery-icon landscape'>\n\t\t\t\t<a href='https:\/\/wordpress.nibis.de\/gsschmedwolt\/files\/2024\/12\/Jacken-scaled.jpeg'><img loading=\"lazy\" decoding=\"async\" width=\"300\" height=\"225\" src=\"https:\/\/wordpress.nibis.de\/gsschmedwolt\/files\/2024\/12\/Jacken-300x225.jpeg\" class=\"attachment-medium size-medium\" alt=\"\" srcset=\"https:\/\/wordpress.nibis.de\/gsschmedwolt\/files\/2024\/12\/Jacken-300x225.jpeg 300w, https:\/\/wordpress.nibis.de\/gsschmedwolt\/files\/2024\/12\/Jacken-800x600.jpeg 800w, https:\/\/wordpress.nibis.de\/gsschmedwolt\/files\/2024\/12\/Jacken-768x576.jpeg 768w, https:\/\/wordpress.nibis.de\/gsschmedwolt\/files\/2024\/12\/Jacken-1536x1152.jpeg 1536w, https:\/\/wordpress.nibis.de\/gsschmedwolt\/files\/2024\/12\/Jacken-2048x1536.jpeg 2048w\" sizes=\"auto, (max-width: 300px) 100vw, 300px\" \/><\/a>\n\t\t\t<\/div><\/figure>\n\t\t<\/div>\n\n","protected":false},"excerpt":{"rendered":"<p>Am 06.12.2024 durften unsere Erstkl\u00e4sslerinnen und Erstkl\u00e4ssler neue Warnwesten mit unserem Schullogo in Empfang nehmen. Wir danken unserem F\u00f6rderverein f\u00fcr die Unterst\u00fctzung dieser Aktion.<\/p>\n","protected":false},"author":9192595,"featured_media":0,"comment_status":"closed","ping_status":"closed","sticky":false,"template":"","format":"standard","meta":{"footnotes":""},"categories":[1],"tags":[],"class_list":["post-5011","post","type-post","status-publish","format-standard","hentry","category-allgemein"],"_links":{"self":[{"href":"https:\/\/wordpress.nibis.de\/gsschmedwolt\/wp-json\/wp\/v2\/posts\/5011","targetHints":{"allow":["GET"]}}],"collection":[{"href":"https:\/\/wordpress.nibis.de\/gsschmedwolt\/wp-json\/wp\/v2\/posts"}],"about":[{"href":"https:\/\/wordpress.nibis.de\/gsschmedwolt\/wp-json\/wp\/v2\/types\/post"}],"author":[{"embeddable":true,"href":"https:\/\/wordpress.nibis.de\/gsschmedwolt\/wp-json\/wp\/v2\/users\/9192595"}],"replies":[{"embeddable":true,"href":"https:\/\/wordpress.nibis.de\/gsschmedwolt\/wp-json\/wp\/v2\/comments?post=5011"}],"version-history":[{"count":2,"href":"https:\/\/wordpress.nibis.de\/gsschmedwolt\/wp-json\/wp\/v2\/posts\/5011\/revisions"}],"predecessor-version":[{"id":5022,"href":"https:\/\/wordpress.nibis.de\/gsschmedwolt\/wp-json\/wp\/v2\/posts\/5011\/revisions\/5022"}],"wp:attachment":[{"href":"https:\/\/wordpress.nibis.de\/gsschmedwolt\/wp-json\/wp\/v2\/media?parent=5011"}],"wp:term":[{"taxonomy":"category","embeddable":true,"href":"https:\/\/wordpress.nibis.de\/gsschmedwolt\/wp-json\/wp\/v2\/categories?post=5011"},{"taxonomy":"post_tag","embeddable":true,"href":"https:\/\/wordpress.nibis.de\/gsschmedwolt\/wp-json\/wp\/v2\/tags?post=5011"}],"curies":[{"name":"wp","href":"https:\/\/api.w.org\/{rel}","templated":true}]}}