{"id":134,"date":"2024-01-28T18:08:02","date_gmt":"2024-01-28T17:08:02","guid":{"rendered":"https:\/\/wordpress.nibis.de\/gsseelze\/?p=134"},"modified":"2024-01-28T18:08:02","modified_gmt":"2024-01-28T17:08:02","slug":"impressum","status":"publish","type":"post","link":"https:\/\/wordpress.nibis.de\/gsseelze\/impressum\/","title":{"rendered":"Impressum"},"content":{"rendered":"\n<h2 class=\"wp-block-heading\">Impressum<\/h2>\n\n\n\n<p>Regenbogenschule<br>Humboldtstra\u00dfe 10<br>30926 Seelze<\/p>\n\n\n\n<p><strong>Dienstanbieter im Sinne des TMG\/MDS<\/strong><\/p>\n\n\n\n<p><strong>Schulleiterin Gerda Schlinke<\/strong><br><strong>Konrektorin Kerstin Diederichs<\/strong><\/p>\n\n\n\n<p>Humboldtstra\u00dfe 10<br>30926 Seelze<br>Tel. 05137 \u2013 3354<br>Fax. 05137 \u2013 938227<br>E-Mail: &#103;&#114;&#x75;n&#100;&#x73;&#x63;h&#117;&#x6c;&#x65;&#46;&#115;&#x65;e&#108;&#x7a;&#x65;&#64;&#104;&#x74;&#x70;-&#116;&#x65;l&#46;&#x64;&#x65;<\/p>\n\n\n\n<p><strong>Aufsichtsbeh\u00f6rde<\/strong><br>Regionales Landesamt f\u00fcr Schule und Bildung Hannover<br>Mail\u00e4nder Stra\u00dfe 2<br>30539 Hannover<br>Telefon: 0511 106-6000<br>E-Mail: &#83;&#x65;&#x72;v&#105;&#x63;&#x65;&#64;&#114;&#x6c;s&#98;&#x2d;&#x68;&#46;&#110;&#x69;e&#100;&#x65;&#x72;s&#97;&#x63;&#x68;&#115;&#x65;&#x6e;&#46;&#100;&#x65;<\/p>\n\n\n\n<p><strong>Haftungsauschluss:<\/strong><br>F\u00fcr den Inhalt der einzelnen Homepages ist ausschlie\u00dflich der betreffende Autor selbst verantwortlich! Wir m\u00f6chten ausdr\u00fccklich betonen, dass wir keinerlei Einfluss auf die Gestaltung und die Inhalte der von uns gelinkten Seiten haben. Deshalb distanzieren wir uns hiermit ausdr\u00fccklich von deren Inhalten. Diese Erkl\u00e4rung gilt auch f\u00fcr alle Inhalte der Seiten, zu denen Banner f\u00fchren.<\/p>\n","protected":false},"excerpt":{"rendered":"<p>Impressum RegenbogenschuleHumboldtstra\u00dfe 1030926 Seelze Dienstanbieter im Sinne des TMG\/MDS Schulleiterin Gerda SchlinkeKonrektorin Kerstin Diederichs Humboldtstra\u00dfe 1030926 SeelzeTel. 05137 \u2013 3354Fax. 05137 \u2013 938227E-Mail: &#103;&#114;&#x75;n&#100;&#x73;&#x63;h&#117;&#x6c;&#x65;&#46;&#115;&#x65;&#x65;l&#122;&#x65;&#x40;h&#116;&#x70;&#x2d;t&#101;&#x6c;&#46;&#100;&#101; Aufsichtsbeh\u00f6rdeRegionales Landesamt f\u00fcr Schule und Bildung HannoverMail\u00e4nder Stra\u00dfe 230539 HannoverTelefon: 0511 106-6000E-Mail: &#x53;&#101;&#114;v&#x69;&#x63;&#101;&#64;&#x72;&#x6c;&#115;b-&#x68;&#46;&#110;i&#x65;&#x64;&#101;r&#x73;&#x61;&#99;&#104;s&#x65;&#x6e;&#46;d&#x65; Haftungsauschluss:F\u00fcr den Inhalt der einzelnen Homepages ist ausschlie\u00dflich der betreffende Autor selbst verantwortlich! Wir m\u00f6chten ausdr\u00fccklich betonen, dass [&hellip;]<\/p>\n","protected":false},"author":9194316,"featured_media":0,"comment_status":"closed","ping_status":"closed","sticky":false,"template":"","format":"standard","meta":{"footnotes":""},"categories":[38],"tags":[],"class_list":["post-134","post","type-post","status-publish","format-standard","hentry","category-impressum"],"_links":{"self":[{"href":"https:\/\/wordpress.nibis.de\/gsseelze\/wp-json\/wp\/v2\/posts\/134","targetHints":{"allow":["GET"]}}],"collection":[{"href":"https:\/\/wordpress.nibis.de\/gsseelze\/wp-json\/wp\/v2\/posts"}],"about":[{"href":"https:\/\/wordpress.nibis.de\/gsseelze\/wp-json\/wp\/v2\/types\/post"}],"author":[{"embeddable":true,"href":"https:\/\/wordpress.nibis.de\/gsseelze\/wp-json\/wp\/v2\/users\/9194316"}],"replies":[{"embeddable":true,"href":"https:\/\/wordpress.nibis.de\/gsseelze\/wp-json\/wp\/v2\/comments?post=134"}],"version-history":[{"count":1,"href":"https:\/\/wordpress.nibis.de\/gsseelze\/wp-json\/wp\/v2\/posts\/134\/revisions"}],"predecessor-version":[{"id":135,"href":"https:\/\/wordpress.nibis.de\/gsseelze\/wp-json\/wp\/v2\/posts\/134\/revisions\/135"}],"wp:attachment":[{"href":"https:\/\/wordpress.nibis.de\/gsseelze\/wp-json\/wp\/v2\/media?parent=134"}],"wp:term":[{"taxonomy":"category","embeddable":true,"href":"https:\/\/wordpress.nibis.de\/gsseelze\/wp-json\/wp\/v2\/categories?post=134"},{"taxonomy":"post_tag","embeddable":true,"href":"https:\/\/wordpress.nibis.de\/gsseelze\/wp-json\/wp\/v2\/tags?post=134"}],"curies":[{"name":"wp","href":"https:\/\/api.w.org\/{rel}","templated":true}]}}