{"id":149,"date":"2024-02-02T08:00:35","date_gmt":"2024-02-02T07:00:35","guid":{"rendered":"https:\/\/wordpress.nibis.de\/gsseelze\/?p=149"},"modified":"2024-02-02T08:00:35","modified_gmt":"2024-02-02T07:00:35","slug":"betreuungsangebote","status":"publish","type":"post","link":"https:\/\/wordpress.nibis.de\/gsseelze\/betreuungsangebote\/","title":{"rendered":"Betreuungsangebote"},"content":{"rendered":"\n<h4 class=\"wp-block-heading\">Fr\u00fch- und Sp\u00e4tbetreuung<\/h4>\n\n\n\n<p>Die Fr\u00fch- und Sp\u00e4tbetreuung ist ein <strong>kostenpflichtiges Betreuungsangebot<\/strong>. Es handelt sich um ein erg\u00e4nzendes Angebot der Stadt Seelze, das organisatorisch und p\u00e4dagogisch mit dem schulischen Ganztagsangebot verbunden wird, rechtlich aber selbstst\u00e4ndig ist. Nachmittags kann es nur in Anspruch genommen werden, wenn die vorhergehende Betreuung in der Ganztagsschule erfolgt.<\/p>\n\n\n\n<p><strong>Die Fr\u00fchbetreuung findet Mo-Fr von 7:00-8:00 Uhr statt.<\/strong><br><strong>Die Sp\u00e4tbetreuung findet Mo-Do von 15.30-16:30 Uhr und freitags von 14:30-16:30 Uhr statt.<\/strong><\/p>\n\n\n\n<p>F\u00fcr die Fr\u00fch-und Sp\u00e4tbetreuung ergeben sich folgende Geb\u00fchren gem\u00e4\u00df Satzung:<\/p>\n\n\n\n<p><\/p>\n\n\n\n<h4 class=\"wp-block-heading\">Hausaufgabenbetreuung<\/h4>\n\n\n\n<h6 class=\"wp-block-heading\">12:45 bis 14:00 Uhr<\/h6>\n\n\n\n<p>Die Hausaufgabenbetreuung umfasst laut Satzung eine 30-min\u00fctige Arbeitzeit. Die Zeiten richten sich nach dem Stundenplan. Die Kinder, die Essen von zu Hause mitgebracht haben, essen in der Schule. Parallel dazu wird z.T. F\u00f6rder- und Forderunterricht angeboten.<\/p>\n\n\n\n<p>\u2022 Bei sechs Stunden Unterricht entf\u00e4llt f\u00fcr F\u00f6rder- und Forderkinder aus zeitlichen Gr\u00fcnden die Hausaufgabenbetreuung.<br>\u2022 Die Gesamtverantwortung der Anfertigung aller Hausaufgaben liegt weiterhin bei den Eltern.<br>\u2022 Die Hausaufgabenbetreuung sorgt f\u00fcr eine ruhige Umgebung und hilft bei Verst\u00e4ndnisschwierigkeiten.<br>\u2022 Es findet keine Korrektur und keine Nachhilfe statt.<\/p>\n","protected":false},"excerpt":{"rendered":"<p>Fr\u00fch- und Sp\u00e4tbetreuung Die Fr\u00fch- und Sp\u00e4tbetreuung ist ein kostenpflichtiges Betreuungsangebot. Es handelt sich um ein erg\u00e4nzendes Angebot der Stadt Seelze, das organisatorisch und p\u00e4dagogisch mit dem schulischen Ganztagsangebot verbunden wird, rechtlich aber selbstst\u00e4ndig ist. Nachmittags kann es nur in Anspruch genommen werden, wenn die vorhergehende Betreuung in der Ganztagsschule erfolgt. Die Fr\u00fchbetreuung findet Mo-Fr [&hellip;]<\/p>\n","protected":false},"author":9194316,"featured_media":0,"comment_status":"closed","ping_status":"closed","sticky":false,"template":"","format":"standard","meta":{"footnotes":""},"categories":[31],"tags":[],"class_list":["post-149","post","type-post","status-publish","format-standard","hentry","category-betreuungsangebote"],"_links":{"self":[{"href":"https:\/\/wordpress.nibis.de\/gsseelze\/wp-json\/wp\/v2\/posts\/149","targetHints":{"allow":["GET"]}}],"collection":[{"href":"https:\/\/wordpress.nibis.de\/gsseelze\/wp-json\/wp\/v2\/posts"}],"about":[{"href":"https:\/\/wordpress.nibis.de\/gsseelze\/wp-json\/wp\/v2\/types\/post"}],"author":[{"embeddable":true,"href":"https:\/\/wordpress.nibis.de\/gsseelze\/wp-json\/wp\/v2\/users\/9194316"}],"replies":[{"embeddable":true,"href":"https:\/\/wordpress.nibis.de\/gsseelze\/wp-json\/wp\/v2\/comments?post=149"}],"version-history":[{"count":1,"href":"https:\/\/wordpress.nibis.de\/gsseelze\/wp-json\/wp\/v2\/posts\/149\/revisions"}],"predecessor-version":[{"id":150,"href":"https:\/\/wordpress.nibis.de\/gsseelze\/wp-json\/wp\/v2\/posts\/149\/revisions\/150"}],"wp:attachment":[{"href":"https:\/\/wordpress.nibis.de\/gsseelze\/wp-json\/wp\/v2\/media?parent=149"}],"wp:term":[{"taxonomy":"category","embeddable":true,"href":"https:\/\/wordpress.nibis.de\/gsseelze\/wp-json\/wp\/v2\/categories?post=149"},{"taxonomy":"post_tag","embeddable":true,"href":"https:\/\/wordpress.nibis.de\/gsseelze\/wp-json\/wp\/v2\/tags?post=149"}],"curies":[{"name":"wp","href":"https:\/\/api.w.org\/{rel}","templated":true}]}}