{"id":203,"date":"2024-02-07T08:57:42","date_gmt":"2024-02-07T07:57:42","guid":{"rendered":"https:\/\/wordpress.nibis.de\/gsseelze\/?p=203"},"modified":"2024-02-07T08:57:42","modified_gmt":"2024-02-07T07:57:42","slug":"203-2","status":"publish","type":"post","link":"https:\/\/wordpress.nibis.de\/gsseelze\/203-2\/","title":{"rendered":""},"content":{"rendered":"\n<h2 class=\"wp-block-heading\">Nieders\u00e4chsisches Kinderrechteschulnetzwerk<\/h2>\n\n\n\n<p><em>\u201e\u201aDas im Jahr 2021 gestartete nieders\u00e4chsische Kinderrechteschulnetzwerk ist ein wichtiger Beitrag zur kultusministeriellen Initiative \u201aDemokratisch gestalten\u2018. UNICEF unterst\u00fctzt die teilnehmenden Schulen bei der Implementierung des\u00a0<a rel=\"noreferrer noopener\" href=\"https:\/\/www.unicef.de\/informieren\/schulen\/kinderrechteschulen\" target=\"_blank\">UNICEF Kinderrechte-Programms<\/a>, \u00fcbernimmt das Training der Lehrkr\u00e4fte und f\u00fchrt Fortbildungen in den Schulen durch. Das Ziel: Kinderrechte ganzheitlich umsetzen, damit Sch\u00fcler*innen die M\u00f6glichkeit gegeben wird, f\u00fcr ihre eigenen Rechte einzutreten und gleichberechtigt am Schulleben zu partizipieren.\u201c<\/em> <a href=\"https:\/\/kinderrechte-netzwerk.de\/\">kinderrechte-netzwerk.de<\/a><\/p>\n\n\n\n<p><strong>Kinderrechte gemeinsam st\u00e4rken!<\/strong><\/p>\n\n\n\n<p>Unserer Ansicht nach erfahren Kinder in unserer Gesellschaft immer noch&nbsp; viel zu wenig Beteiligung. Vielfach werden sie mit ihren Bed\u00fcrfnissen und Interessen nicht beachtet, finden kein Geh\u00f6r oder werden nicht ernst genommen. Demzufolge wird es ihnen h\u00e4ufig nicht erm\u00f6glicht, im \u00f6ffentlichen Raum eine Meinung zu vertreten und die Durchsetzung eigener Belange zu fordern.<\/p>\n\n\n\n<p>Daher wollen wir Demokratie gemeinsam gestalten und sie an unserer Grundschule leben. Wir sind uns dessen bewusst, dass es sich hierbei um einen Prozess handelt, in den alle Akteur:innen eintreten, um Vielfalt gemeinsam zu leben.<\/p>\n\n\n\n<p>In diesem Zusammenhang nahm eine unserer Klassen bereits am 29. Januar 2020 an einer Sitzung der Kinderkommission des Deutschen Bundestages teil und forderte unter anderem die \u00dcbernahme der Kinderrechte ins Grundgesetz. Wir setzen uns auch daf\u00fcr ein, dass die Rechte der Kinder (UN-Kinderrechtskonvention, 1989) fl\u00e4chendeckend in den Grundschulen anerkannt und umgesetzt werden. Aus diesem Grund haben wir uns f\u00fcr die Aufnahme ins Nieders\u00e4chsische Kinderrechtenetzwerk beworben und freuen uns sehr \u00fcber die M\u00f6glichkeit der Partizipation und\u00a0 Mitwirkung. Dabei ist das Ziel, gemeinsam und ganzheitlich die Kinderrechte umzusetzen, damit\u00a0\u00a0 Sch\u00fcler:innen die M\u00f6glichkeit erhalten, f\u00fcr ihre eigenen Rechte einzutreten und gleichberechtigt am Schulleben teil zu haben.<\/p>\n\n\n\n<p>Wir setzen uns daf\u00fcr ein, dass in den Grundschulen Solidarit\u00e4t, Kooperation, Gerechtigkeit und Demokratie gelernt werden. Dabei verstehen wir Demokratie als eine Haltung, die der Vielfalt des Lebens in unserer Gesellschaft gerecht wird. Wir w\u00fcnschen uns, dass Konflikte angemessen ausgetragen und gemeinsam L\u00f6sungen gefunden werden. So k\u00f6nnen wir uns gegenseitig achten.<\/p>\n\n\n\n<p>Die Auftaktveranstaltung des Nieders\u00e4chsischen Kinderrechtenetzwerks, an der auch zwei Kolleginnen unserer Schule teil nahmen, fand am 09. Februar 2021 statt.<\/p>\n\n\n\n<p><\/p>\n","protected":false},"excerpt":{"rendered":"<p>Nieders\u00e4chsisches Kinderrechteschulnetzwerk \u201e\u201aDas im Jahr 2021 gestartete nieders\u00e4chsische Kinderrechteschulnetzwerk ist ein wichtiger Beitrag zur kultusministeriellen Initiative \u201aDemokratisch gestalten\u2018. UNICEF unterst\u00fctzt die teilnehmenden Schulen bei der Implementierung des\u00a0UNICEF Kinderrechte-Programms, \u00fcbernimmt das Training der Lehrkr\u00e4fte und f\u00fchrt Fortbildungen in den Schulen durch. Das Ziel: Kinderrechte ganzheitlich umsetzen, damit Sch\u00fcler*innen die M\u00f6glichkeit gegeben wird, f\u00fcr ihre eigenen Rechte [&hellip;]<\/p>\n","protected":false},"author":9194316,"featured_media":0,"comment_status":"closed","ping_status":"closed","sticky":false,"template":"","format":"standard","meta":{"footnotes":""},"categories":[25],"tags":[],"class_list":["post-203","post","type-post","status-publish","format-standard","hentry","category-niedersaechsisches-kinderschulrechtenetzwerk"],"_links":{"self":[{"href":"https:\/\/wordpress.nibis.de\/gsseelze\/wp-json\/wp\/v2\/posts\/203","targetHints":{"allow":["GET"]}}],"collection":[{"href":"https:\/\/wordpress.nibis.de\/gsseelze\/wp-json\/wp\/v2\/posts"}],"about":[{"href":"https:\/\/wordpress.nibis.de\/gsseelze\/wp-json\/wp\/v2\/types\/post"}],"author":[{"embeddable":true,"href":"https:\/\/wordpress.nibis.de\/gsseelze\/wp-json\/wp\/v2\/users\/9194316"}],"replies":[{"embeddable":true,"href":"https:\/\/wordpress.nibis.de\/gsseelze\/wp-json\/wp\/v2\/comments?post=203"}],"version-history":[{"count":5,"href":"https:\/\/wordpress.nibis.de\/gsseelze\/wp-json\/wp\/v2\/posts\/203\/revisions"}],"predecessor-version":[{"id":208,"href":"https:\/\/wordpress.nibis.de\/gsseelze\/wp-json\/wp\/v2\/posts\/203\/revisions\/208"}],"wp:attachment":[{"href":"https:\/\/wordpress.nibis.de\/gsseelze\/wp-json\/wp\/v2\/media?parent=203"}],"wp:term":[{"taxonomy":"category","embeddable":true,"href":"https:\/\/wordpress.nibis.de\/gsseelze\/wp-json\/wp\/v2\/categories?post=203"},{"taxonomy":"post_tag","embeddable":true,"href":"https:\/\/wordpress.nibis.de\/gsseelze\/wp-json\/wp\/v2\/tags?post=203"}],"curies":[{"name":"wp","href":"https:\/\/api.w.org\/{rel}","templated":true}]}}