{"id":217,"date":"2024-03-15T13:16:59","date_gmt":"2024-03-15T12:16:59","guid":{"rendered":"https:\/\/wordpress.nibis.de\/gsseelze\/?p=217"},"modified":"2024-03-15T13:16:59","modified_gmt":"2024-03-15T12:16:59","slug":"weltkindertag-am-21-09-2023","status":"publish","type":"post","link":"https:\/\/wordpress.nibis.de\/gsseelze\/weltkindertag-am-21-09-2023\/","title":{"rendered":"Weltkindertag am 21.09.2023"},"content":{"rendered":"\n<p>Am 21.09.2023 fand auf dem Rathausplatz eine Aktion mit Kundgebung unter dem Motto &#8222;Jedes Kind braucht eine Zukunft&#8220; f\u00fcr alle Klassen der Regenbogenschule vom 2. bis zum 4. Jahrgang statt. Daran nahmen auch der B\u00fcrgermeister Herr Masthoff und einige Mitarbeiter:innen der Stadt Seelze, wie z.B. Frau Baumeister, Herr Oltsch sowie die st\u00e4dtischen Sozialarbeiter:innen, teil. Nach den Reden der Kinder und des B\u00fcrgermeisters durften alle ihre Ideen zum Motto des Tages mit Stra\u00dfenmalkreiden auf den Rathausplatz malen. Dazu sorgten eine Nebelmaschine und Musik f\u00fcr gute Stimmung. Der 1. Jahrgang f\u00fchrte auf dem kleinen Schulhof der Regenbogenschule eine Parallelveranstaltung durch.<\/p>\n\n\n\n<div class=\"wp-block-image\"><figure class=\"aligncenter size-large is-resized\"><img loading=\"lazy\" decoding=\"async\" src=\"https:\/\/wordpress.nibis.de\/gsseelze\/files\/2024\/02\/IMG-20230922-WA0004-1024x675.jpg\" alt=\"\" class=\"wp-image-218\" width=\"549\" height=\"361\" \/><\/figure><\/div>\n\n\n\n<p><\/p>\n\n\n\n<div class=\"wp-block-image\"><figure class=\"aligncenter size-large is-resized\"><img loading=\"lazy\" decoding=\"async\" src=\"https:\/\/wordpress.nibis.de\/gsseelze\/files\/2024\/02\/IMG-20230922-WA0003-1024x675.jpg\" alt=\"\" class=\"wp-image-221\" width=\"555\" height=\"365\" \/><\/figure><\/div>\n\n\n\n<div class=\"wp-block-image\"><figure class=\"aligncenter size-large is-resized\"><img loading=\"lazy\" decoding=\"async\" src=\"https:\/\/wordpress.nibis.de\/gsseelze\/files\/2024\/02\/IMG-20230922-WA0006-1024x675.jpg\" alt=\"\" class=\"wp-image-222\" width=\"554\" height=\"365\" \/><\/figure><\/div>\n\n\n\n<p><\/p>\n\n\n\n<p><\/p>\n\n\n\n<p><\/p>\n\n\n\n<p><\/p>\n\n\n\n<p><\/p>\n\n\n\n<p><\/p>\n\n\n\n<p><\/p>\n\n\n\n<p><\/p>\n\n\n\n<p><\/p>\n\n\n\n<p><\/p>\n","protected":false},"excerpt":{"rendered":"<p>Am 21.09.2023 fand auf dem Rathausplatz eine Aktion mit Kundgebung unter dem Motto &#8222;Jedes Kind braucht eine Zukunft&#8220; f\u00fcr alle Klassen der Regenbogenschule vom 2. bis zum 4. Jahrgang statt. Daran nahmen auch der B\u00fcrgermeister Herr Masthoff und einige Mitarbeiter:innen der Stadt Seelze, wie z.B. Frau Baumeister, Herr Oltsch sowie die st\u00e4dtischen Sozialarbeiter:innen, teil. Nach [&hellip;]<\/p>\n","protected":false},"author":9194316,"featured_media":0,"comment_status":"closed","ping_status":"closed","sticky":false,"template":"","format":"standard","meta":{"footnotes":""},"categories":[13],"tags":[],"class_list":["post-217","post","type-post","status-publish","format-standard","hentry","category-schulleben"],"_links":{"self":[{"href":"https:\/\/wordpress.nibis.de\/gsseelze\/wp-json\/wp\/v2\/posts\/217","targetHints":{"allow":["GET"]}}],"collection":[{"href":"https:\/\/wordpress.nibis.de\/gsseelze\/wp-json\/wp\/v2\/posts"}],"about":[{"href":"https:\/\/wordpress.nibis.de\/gsseelze\/wp-json\/wp\/v2\/types\/post"}],"author":[{"embeddable":true,"href":"https:\/\/wordpress.nibis.de\/gsseelze\/wp-json\/wp\/v2\/users\/9194316"}],"replies":[{"embeddable":true,"href":"https:\/\/wordpress.nibis.de\/gsseelze\/wp-json\/wp\/v2\/comments?post=217"}],"version-history":[{"count":2,"href":"https:\/\/wordpress.nibis.de\/gsseelze\/wp-json\/wp\/v2\/posts\/217\/revisions"}],"predecessor-version":[{"id":224,"href":"https:\/\/wordpress.nibis.de\/gsseelze\/wp-json\/wp\/v2\/posts\/217\/revisions\/224"}],"wp:attachment":[{"href":"https:\/\/wordpress.nibis.de\/gsseelze\/wp-json\/wp\/v2\/media?parent=217"}],"wp:term":[{"taxonomy":"category","embeddable":true,"href":"https:\/\/wordpress.nibis.de\/gsseelze\/wp-json\/wp\/v2\/categories?post=217"},{"taxonomy":"post_tag","embeddable":true,"href":"https:\/\/wordpress.nibis.de\/gsseelze\/wp-json\/wp\/v2\/tags?post=217"}],"curies":[{"name":"wp","href":"https:\/\/api.w.org\/{rel}","templated":true}]}}