{"id":243,"date":"2024-03-20T07:37:55","date_gmt":"2024-03-20T06:37:55","guid":{"rendered":"https:\/\/wordpress.nibis.de\/gsseelze\/?p=243"},"modified":"2024-03-30T10:34:05","modified_gmt":"2024-03-30T09:34:05","slug":"schule-ohne-rassismus-schule-mit-courage","status":"publish","type":"post","link":"https:\/\/wordpress.nibis.de\/gsseelze\/schule-ohne-rassismus-schule-mit-courage\/","title":{"rendered":"Schule ohne Rassismus &#8211; Schule mit Courage"},"content":{"rendered":"\n<p>Auch die Schulgemeinschaft der Regenbogenschule hat sich dazu entschieden,&nbsp; eine \u201eSchule ohne Rassismus \u2013 Schule mit Courage\u201c zu sein. Unterst\u00fctzt werden wir dabei durch den Autor <strong>Boris Pfeiffer<\/strong>, der bei dieser Aktion unser Pate ist. Die offizielle Titel\u00fcbergabe fand im Dezember 2022 statt. F\u00fcr weitere Informationen zum Thema empfehlen wir einen Blick auf die Internetseite: <a rel=\"noreferrer noopener\" href=\"https:\/\/www.schule-ohne-rassismus.org\/\" target=\"_blank\">schule-ohne-rassismus.org<\/a><\/p>\n\n\n\n<p>Das Gru\u00dfwort von Boris Pfeiffer zur Titel\u00fcbergabe ist hier abrufbar: <a href=\"https:\/\/wordpress.nibis.de\/gsseelze\/files\/2024\/03\/2022-12-19-Boris-Pfeiffer.mp4\" data-type=\"URL\" data-id=\"https:\/\/wordpress.nibis.de\/gsseelze\/files\/2024\/03\/2022-12-19-Boris-Pfeiffer.mp4\" target=\"_blank\" rel=\"noreferrer noopener\">Video<\/a>.<\/p>\n","protected":false},"excerpt":{"rendered":"<p>Auch die Schulgemeinschaft der Regenbogenschule hat sich dazu entschieden,&nbsp; eine \u201eSchule ohne Rassismus \u2013 Schule mit Courage\u201c zu sein. Unterst\u00fctzt werden wir dabei durch den Autor Boris Pfeiffer, der bei dieser Aktion unser Pate ist. Die offizielle Titel\u00fcbergabe fand im Dezember 2022 statt. F\u00fcr weitere Informationen zum Thema empfehlen wir einen Blick auf die Internetseite: [&hellip;]<\/p>\n","protected":false},"author":9194316,"featured_media":0,"comment_status":"closed","ping_status":"closed","sticky":false,"template":"","format":"standard","meta":{"footnotes":""},"categories":[26],"tags":[],"class_list":["post-243","post","type-post","status-publish","format-standard","hentry","category-schule-mit-courage"],"_links":{"self":[{"href":"https:\/\/wordpress.nibis.de\/gsseelze\/wp-json\/wp\/v2\/posts\/243","targetHints":{"allow":["GET"]}}],"collection":[{"href":"https:\/\/wordpress.nibis.de\/gsseelze\/wp-json\/wp\/v2\/posts"}],"about":[{"href":"https:\/\/wordpress.nibis.de\/gsseelze\/wp-json\/wp\/v2\/types\/post"}],"author":[{"embeddable":true,"href":"https:\/\/wordpress.nibis.de\/gsseelze\/wp-json\/wp\/v2\/users\/9194316"}],"replies":[{"embeddable":true,"href":"https:\/\/wordpress.nibis.de\/gsseelze\/wp-json\/wp\/v2\/comments?post=243"}],"version-history":[{"count":6,"href":"https:\/\/wordpress.nibis.de\/gsseelze\/wp-json\/wp\/v2\/posts\/243\/revisions"}],"predecessor-version":[{"id":286,"href":"https:\/\/wordpress.nibis.de\/gsseelze\/wp-json\/wp\/v2\/posts\/243\/revisions\/286"}],"wp:attachment":[{"href":"https:\/\/wordpress.nibis.de\/gsseelze\/wp-json\/wp\/v2\/media?parent=243"}],"wp:term":[{"taxonomy":"category","embeddable":true,"href":"https:\/\/wordpress.nibis.de\/gsseelze\/wp-json\/wp\/v2\/categories?post=243"},{"taxonomy":"post_tag","embeddable":true,"href":"https:\/\/wordpress.nibis.de\/gsseelze\/wp-json\/wp\/v2\/tags?post=243"}],"curies":[{"name":"wp","href":"https:\/\/api.w.org\/{rel}","templated":true}]}}