{"id":249,"date":"2024-03-20T08:01:45","date_gmt":"2024-03-20T07:01:45","guid":{"rendered":"https:\/\/wordpress.nibis.de\/gsseelze\/?p=249"},"modified":"2024-03-20T11:43:08","modified_gmt":"2024-03-20T10:43:08","slug":"tagesablauf","status":"publish","type":"post","link":"https:\/\/wordpress.nibis.de\/gsseelze\/tagesablauf\/","title":{"rendered":"Tagesablauf"},"content":{"rendered":"\n<p>Der Schultag gestaltet sich folgenderma\u00dfen:<\/p>\n\n\n\n<p><strong>07.00 &#8211; 07.45 Uhr<\/strong> kostenpflichtiges Betreuungsangebot der Stadt Seelze<br><strong>07.45 &#8211; 08.00 Uhr<\/strong> offener Anfang<br><strong>08.00 &#8211; 08.45 Uhr<\/strong> Unterricht<br><strong>08.50 &#8211; 09.35 Uhr<\/strong> Unterricht<br><strong>09.35 &#8211; 10.00 Uhr<\/strong> Pause<br><strong>10.00 &#8211; 10.45 Uhr<\/strong> Unterricht<br><strong>10.50 &#8211; 11.35 Uhr<\/strong> Unterricht \/ Betreuung<br><strong>11.35 &#8211; 12.00 Uhr<\/strong> Pause<br><strong>12.00 &#8211; 12.45 Uhr<\/strong> Unterricht \/ Betreuung<br><strong>(12.45 &#8211; 13.30 Uhr<\/strong> 6. Stunde)<br><strong>12.45 Uhr\/13.30 Uhr &#8211; 15.30 Uhr (Mo -Do)\/14.30 Uhr (Fr) <\/strong>w\u00e4hlbarer Ganztag<br><strong>Danach gibt es bis 16.30 Uhr ein <\/strong>kostenpflichtiges Betreuungsangebot der Stadt Seelze.<\/p>\n\n\n\n<p>Die Klassenr\u00e4ume werden um 7.45 Uhr von den Aufsichten ge\u00f6ffnet und die Sch\u00fcler:innen k\u00f6nnen sich im Rahmen des offenen Anfangs in ihrem Klassenraum aufhalten, sich eine Besch\u00e4ftigung suchen, mit anderen Kindern Kontakt aufnehmen und mit Lehrkr\u00e4ften sprechen. Sie k\u00f6nnen sich also den Start in den Tag nach individuellen Bed\u00fcrfnissen gestalten.<\/p>\n\n\n\n<p>Um 8.00 Uhr beginnt der Unterricht. Der Vormittag verl\u00e4uft im 45-Minuten-Rhythmus. Wenn ein Lehrkr\u00e4ftewechsel nicht notwendig ist, k\u00f6nnen die 1.\/2. sowie die 3.\/4. Stunden als Einheit durchgef\u00fchrt werden. Am Ende der 2. Schulstunde wird gemeinsam gefr\u00fchst\u00fcckt. Nach dieser und nach der 4. Stunde findet jeweils eine gro\u00dfe Pause statt. Der Gong ert\u00f6nt nur um 7.55 Uhr und am Ende der gro\u00dfen Pausen. Die Grundstruktur des Tagesablaufs bleibt w\u00e4hrend der vier Jahre prinzipiell erhalten. Die Unterrichtszeit wird sukzessive erh\u00f6ht (20 Stunden im ersten, 22 Stunden im zweiten und 26 Wochenstunden im dritten und vierten Jahrgang). Im 3.\/4. Jahrgang kommt vermehrt Fachunterricht hinzu.<\/p>\n\n\n\n<p>Der Unterrichtsvormittag endet sp\u00e4testens um 13.30 Uhr; das Ganztagsangebot von Montag bis Donnerstag um 15.30 Uhr und am Freitag um 14.30 Uhr. Die Sch\u00fcler:innen aus Seelze-S\u00fcd benutzen f\u00fcr ihren Schulweg den Bus. Die Betreuungsstunden f\u00fcr den 1.\/2. Jahrgang sind entweder in den 4. oder in den 5. Stunden eingeplant.<\/p>\n\n\n\n<p><strong>Stundenplangestaltung<\/strong><\/p>\n\n\n\n<p>W\u00e4hrend der vier Schuljahre erfolgt grunds\u00e4tzlich kein Leitungswechsel. Die Klassenlehrer:in \u00fcbernimmt einen m\u00f6glichst hohen Anteil des Unterrichts.<\/p>\n\n\n\n<p>Sp\u00e4testens ab dem 2. Schuljahr findet in der Woche eine weitgehend von den Sch\u00fcler:innen selbst organisierte Klassenratsstunde im Beisein der Klassenlehrkraft und in einigen Gruppen gemeinsam mit unserem Schulsozialarbeiter Herrn Bulut statt. In dieser Stunde k\u00f6nnen die Kinder \u00fcber selbstgew\u00e4hlte wichtige Anliegen und Themen sprechen. Dieser Klassenrat erweitert die Mitwirkungsm\u00f6glichkeiten der Sch\u00fcler:innen. Zweimal im Monat findet dazu auch f\u00fcr Klassensprecher:innen und interessierte Kinder die Kinderkonferenz statt.<\/p>\n\n\n\n<p>Die Religionsstunden sind ebenfalls auf einer Leiste gesteckt, sodass parallel dazu der Werte und Normen-Unterricht stattfinden kann.<\/p>\n\n\n\n<p>Der Gro\u00dfteil des F\u00f6rderunterrichtes findet in der 6. Stunde und parallel zur Hausaufgabenbetreuung des Ganztages statt. Ein kleinerer Teil liegt parallel zum Unterricht, um einzelne Sch\u00fcler:innen im Rahmen der inneren Differenzierung gezielt zu f\u00f6rdern. Eine weitere F\u00f6rderung erfolgt im Rahmen der Inklusion durch unsere F\u00f6rderschulkolleg:innen.<\/p>\n\n\n\n<p><strong>Schulgeb\u00e4ude<\/strong><\/p>\n\n\n\n<p>Die Regenbogenschule befindet sich immer noch im Umbau. Im Moment sind der Nordfl\u00fcgel des Hauptgeb\u00e4udes mit dem Eingang \u201eAm Wehrberg 6\u201c und der Regenbogencontainer an der \u201eHumboldtstra\u00dfe 12\u201c im Betrieb. In beiden Geb\u00e4udenteilen zusammen befinden sich 23 Klassenr\u00e4ume. Seit August 2020 verf\u00fcgt die Schule auch \u00fcber drei speziell ausgestattete R\u00e4ume f\u00fcr h\u00f6rgesch\u00e4digte Kinder. Weiterhin befinden sich in den Geb\u00e4uden ein Computerraum, eine Sporthalle, sowie eine Mehrzweckhalle.<\/p>\n\n\n\n<p>Mit Beginn des Schuljahres 2024\/25 soll die neue Mensa mit der gro\u00dfen Aula sowie der gesamte S\u00fcdfl\u00fcgel fertig gestellt sein. Mit der Renovierung des Nordfl\u00fcgels wird es dann erst weitergehen, wenn die Schule in Seelze-S\u00fcd im Betrieb ist.<\/p>\n","protected":false},"excerpt":{"rendered":"<p>Der Schultag gestaltet sich folgenderma\u00dfen: 07.00 &#8211; 07.45 Uhr kostenpflichtiges Betreuungsangebot der Stadt Seelze07.45 &#8211; 08.00 Uhr offener Anfang08.00 &#8211; 08.45 Uhr Unterricht08.50 &#8211; 09.35 Uhr Unterricht09.35 &#8211; 10.00 Uhr Pause10.00 &#8211; 10.45 Uhr Unterricht10.50 &#8211; 11.35 Uhr Unterricht \/ Betreuung11.35 &#8211; 12.00 Uhr Pause12.00 &#8211; 12.45 Uhr Unterricht \/ Betreuung(12.45 &#8211; 13.30 Uhr 6. [&hellip;]<\/p>\n","protected":false},"author":9194316,"featured_media":0,"comment_status":"closed","ping_status":"closed","sticky":false,"template":"","format":"standard","meta":{"footnotes":""},"categories":[23],"tags":[],"class_list":["post-249","post","type-post","status-publish","format-standard","hentry","category-allgemeines"],"_links":{"self":[{"href":"https:\/\/wordpress.nibis.de\/gsseelze\/wp-json\/wp\/v2\/posts\/249","targetHints":{"allow":["GET"]}}],"collection":[{"href":"https:\/\/wordpress.nibis.de\/gsseelze\/wp-json\/wp\/v2\/posts"}],"about":[{"href":"https:\/\/wordpress.nibis.de\/gsseelze\/wp-json\/wp\/v2\/types\/post"}],"author":[{"embeddable":true,"href":"https:\/\/wordpress.nibis.de\/gsseelze\/wp-json\/wp\/v2\/users\/9194316"}],"replies":[{"embeddable":true,"href":"https:\/\/wordpress.nibis.de\/gsseelze\/wp-json\/wp\/v2\/comments?post=249"}],"version-history":[{"count":4,"href":"https:\/\/wordpress.nibis.de\/gsseelze\/wp-json\/wp\/v2\/posts\/249\/revisions"}],"predecessor-version":[{"id":255,"href":"https:\/\/wordpress.nibis.de\/gsseelze\/wp-json\/wp\/v2\/posts\/249\/revisions\/255"}],"wp:attachment":[{"href":"https:\/\/wordpress.nibis.de\/gsseelze\/wp-json\/wp\/v2\/media?parent=249"}],"wp:term":[{"taxonomy":"category","embeddable":true,"href":"https:\/\/wordpress.nibis.de\/gsseelze\/wp-json\/wp\/v2\/categories?post=249"},{"taxonomy":"post_tag","embeddable":true,"href":"https:\/\/wordpress.nibis.de\/gsseelze\/wp-json\/wp\/v2\/tags?post=249"}],"curies":[{"name":"wp","href":"https:\/\/api.w.org\/{rel}","templated":true}]}}