{"id":261,"date":"2024-03-23T11:17:00","date_gmt":"2024-03-23T10:17:00","guid":{"rendered":"https:\/\/wordpress.nibis.de\/gsseelze\/?p=261"},"modified":"2025-07-30T09:48:54","modified_gmt":"2025-07-30T07:48:54","slug":"lernort-fuer-demokratie","status":"publish","type":"post","link":"https:\/\/wordpress.nibis.de\/gsseelze\/lernort-fuer-demokratie\/","title":{"rendered":"Lernort f\u00fcr Demokratie"},"content":{"rendered":"\n<p><strong>Der Preis DemokratieErleben der Degede<\/strong><\/p>\n\n\n\n<p>Der Preis <strong>DemokratieErleben 2022<\/strong> wurde uns am 11.11.2022 von der Deutschen Gesellschaft f\u00fcr Demokratiep\u00e4dagogik (Degede) in Berlin verliehen. Wir sind als Schulgemeinschaft sehr stolz, dass wir diesen Preis entgegennehmen durften.<\/p>\n\n\n\n<p>Am 10.11.2022 reisten Herr Bulut, Frau Rodenbeck und Frau Schlinke mit unseren Schulsprecher:innen und zwei Teilnehmer: innen der Kinderkonferenz Lea Hegemann, Colin Mahler, Emilia-Marie Albertus und Lara Lange-Sch\u00f6nhoff zur Preisverleihung in das Haus der Friedrich Ebert Stiftung.<\/p>\n\n\n\n<p>Dort waren wir am Vormittag zum allj\u00e4hrlichen Demokratietag eingeladen und hatten die Gelegenheit, an zahlreichen Workshops teilzunehmen und die Schulen kennenzulernen, die den \u201eHelga-Moericke Preis\u201c verliehen bekamen. Hier nahmen die Kinder gleich wieder gute Ideen, wie zum Beispiel die des Schulradios, mit in die Regenbogenschule. Am Nachmittag war es dann soweit: Unsere Schule wurde bei der Preisverleihung sehr gelobt und unsere teilnehmenden Sch\u00fcler:innen gaben einen Vortrag zu dem Akrostichon aus dem Wort \u201eDemokratie\u201c zum Besten.<br><\/p>\n\n\n\n<div class=\"wp-block-image\"><figure class=\"aligncenter size-large is-resized\"><img loading=\"lazy\" decoding=\"async\" src=\"https:\/\/wordpress.nibis.de\/gsseelze\/files\/2024\/03\/Plakat-Akrostichon-scaled.jpg\" alt=\"\" width=\"314\" height=\"435\" \/><\/figure><\/div>\n\n\n\n<p>Unsere Schule wurde zusammenfassend ausgezeichnet f\u00fcr zahlreiche Aktivit\u00e4ten sowie schulische Strukturen, die das demokratische Lernen unterst\u00fctzen. Dazu geh\u00f6ren als zentrale Elemente der Klassenrat sowie die Kinderkonferenz&nbsp;und dass wir uns f\u00fcr Kinderrechte stark machen.<\/p>\n\n\n\n<p>Um die Preisverleihung herum haben wir nat\u00fcrlich noch ein kleines \u201eBerlinprogramm\u201c mit einem Besuch des Naturkundemuseums, einer Fahrt auf den Fernsehturm und einer Besichtigung von zahlreichen Sehensw\u00fcrdigkeiten wie z. B. dem Brandenburger Tor absolviert.<\/p>\n\n\n\n<p>N\u00e4here Informationen zur Auszeichnung und Preisverleihung finden Sie hier: <a href=\"https:\/\/degede.de\/blog\/2022\/11\/rueckblick-preisverleihung-fuer-demokratische-schulentwicklung-am-11-november-2022\/\" target=\"_blank\" rel=\"noreferrer noopener\">https:\/\/degede.de\/blog\/2022\/11\/rueckblick-preisverleihung-fuer-demokratische-schulentwicklung-am-11-november-2022\/<\/a><\/p>\n\n\n\n<div class=\"wp-block-image\"><figure class=\"aligncenter size-large\"><img loading=\"lazy\" decoding=\"async\" width=\"425\" height=\"600\" src=\"https:\/\/wordpress.nibis.de\/gsseelze\/files\/2024\/01\/Graphic-recordings_Regenbogenschule_Seelze-425x600.jpg\" alt=\"\" class=\"wp-image-84\" srcset=\"https:\/\/wordpress.nibis.de\/gsseelze\/files\/2024\/01\/Graphic-recordings_Regenbogenschule_Seelze-425x600.jpg 425w, https:\/\/wordpress.nibis.de\/gsseelze\/files\/2024\/01\/Graphic-recordings_Regenbogenschule_Seelze-213x300.jpg 213w, https:\/\/wordpress.nibis.de\/gsseelze\/files\/2024\/01\/Graphic-recordings_Regenbogenschule_Seelze-768x1084.jpg 768w, https:\/\/wordpress.nibis.de\/gsseelze\/files\/2024\/01\/Graphic-recordings_Regenbogenschule_Seelze-1088x1536.jpg 1088w, https:\/\/wordpress.nibis.de\/gsseelze\/files\/2024\/01\/Graphic-recordings_Regenbogenschule_Seelze-1451x2048.jpg 1451w, https:\/\/wordpress.nibis.de\/gsseelze\/files\/2024\/01\/Graphic-recordings_Regenbogenschule_Seelze-scaled.jpg 1814w\" sizes=\"auto, (max-width: 425px) 100vw, 425px\" \/><figcaption>Graphic Recording Julia Kluge<\/figcaption><\/figure><\/div>\n\n\n\n<p><strong>Ausgezeichneter Lernort f\u00fcr Demokratie<\/strong><\/p>\n\n\n\n<p>Im <strong>September 2022<\/strong> wurde unsere Schule vom damaligen Kultusminister Grant Hendrik Tonne als <strong>\u201eModellort f\u00fcr Demokratie in Niedersachsen\u201c <\/strong>ausgezeichnet. In seiner Rede betonte er, dass es an der Regenbogenschule selbstverst\u00e4ndlich sei, dass Kinder mitreden, mitentscheiden und an offenen Diskussionen teilnehmen. Damit wurde die Arbeit der Schulgemeinschaft im Bereich der Demokratiebildung gew\u00fcrdigt. Im Kern besteht diese seit 2012 in der Durchf\u00fchrung des w\u00f6chentlichen Klassenrates in allen Jahrgangsstufen sowie der 14-t\u00e4gigen Tagung der Kinderkonferenz, in der Klassensprecher:innen und Interessierte aktuelle Anliegen und Themen beraten und abstimmen. Dar\u00fcber hinaus trugen auch einige von den Kindern initiierte Projekte zur Auszeichnung bei, beispielsweise die Sch\u00fclerfriedenspreise der Jahre 2018 und 2019 sowie die Fahrt nach Berlin in die Kinderkommission des Bundestages, um dort f\u00fcr die Aufnahme der Kinderrechte ins Grundgesetz zu werben. Unsere Schule arbeitet auch weiterhin daran, die Schulkultur, Schulentwicklung und dementsprechend die Bildungsangebote konsequent an Zielen der Demokratiebildung auszurichten.<\/p>\n\n\n\n<p>N\u00e4here Informationen zur Auszeichnung sowie zur Initiative &#8222;Demokratisch gestalten&#8220; des Kultusministeriums finden Sie hier: <a rel=\"noreferrer noopener\" href=\"https:\/\/bildungsportal-niedersachsen.de\/demokratiebildung\/demokratie-in-der-schule\/demokratieschulen\" target=\"_blank\">https:\/\/bildungsportal-niedersachsen.de\/demokratiebildung\/demokratie-in-der-schule\/demokratieschulen<\/a><\/p>\n","protected":false},"excerpt":{"rendered":"<p>Der Preis DemokratieErleben der Degede Der Preis DemokratieErleben 2022 wurde uns am 11.11.2022 von der Deutschen Gesellschaft f\u00fcr Demokratiep\u00e4dagogik (Degede) in Berlin verliehen. Wir sind als Schulgemeinschaft sehr stolz, dass wir diesen Preis entgegennehmen durften. Am 10.11.2022 reisten Herr Bulut, Frau Rodenbeck und Frau Schlinke mit unseren Schulsprecher:innen und zwei Teilnehmer: innen der Kinderkonferenz Lea [&hellip;]<\/p>\n","protected":false},"author":9194316,"featured_media":0,"comment_status":"closed","ping_status":"closed","sticky":false,"template":"","format":"standard","meta":{"footnotes":""},"categories":[44,3],"tags":[],"class_list":["post-261","post","type-post","status-publish","format-standard","hentry","category-ausgezeichneter-lernort-fuer-demokratie","category-schule"],"_links":{"self":[{"href":"https:\/\/wordpress.nibis.de\/gsseelze\/wp-json\/wp\/v2\/posts\/261","targetHints":{"allow":["GET"]}}],"collection":[{"href":"https:\/\/wordpress.nibis.de\/gsseelze\/wp-json\/wp\/v2\/posts"}],"about":[{"href":"https:\/\/wordpress.nibis.de\/gsseelze\/wp-json\/wp\/v2\/types\/post"}],"author":[{"embeddable":true,"href":"https:\/\/wordpress.nibis.de\/gsseelze\/wp-json\/wp\/v2\/users\/9194316"}],"replies":[{"embeddable":true,"href":"https:\/\/wordpress.nibis.de\/gsseelze\/wp-json\/wp\/v2\/comments?post=261"}],"version-history":[{"count":12,"href":"https:\/\/wordpress.nibis.de\/gsseelze\/wp-json\/wp\/v2\/posts\/261\/revisions"}],"predecessor-version":[{"id":620,"href":"https:\/\/wordpress.nibis.de\/gsseelze\/wp-json\/wp\/v2\/posts\/261\/revisions\/620"}],"wp:attachment":[{"href":"https:\/\/wordpress.nibis.de\/gsseelze\/wp-json\/wp\/v2\/media?parent=261"}],"wp:term":[{"taxonomy":"category","embeddable":true,"href":"https:\/\/wordpress.nibis.de\/gsseelze\/wp-json\/wp\/v2\/categories?post=261"},{"taxonomy":"post_tag","embeddable":true,"href":"https:\/\/wordpress.nibis.de\/gsseelze\/wp-json\/wp\/v2\/tags?post=261"}],"curies":[{"name":"wp","href":"https:\/\/api.w.org\/{rel}","templated":true}]}}