{"id":287,"date":"2024-04-11T07:38:52","date_gmt":"2024-04-11T05:38:52","guid":{"rendered":"https:\/\/wordpress.nibis.de\/gsseelze\/?p=287"},"modified":"2025-03-21T18:49:14","modified_gmt":"2025-03-21T17:49:14","slug":"schulsozialarbeit","status":"publish","type":"post","link":"https:\/\/wordpress.nibis.de\/gsseelze\/schulsozialarbeit\/","title":{"rendered":"Schulsozialarbeit"},"content":{"rendered":"\n<p>Kinder st\u00e4rken hei\u00dft in erster Linie, ihnen St\u00e4rke zu schenken, mit ihnen St\u00e4rke zu erarbeiten und durch ihre St\u00e4rke zu lernen, was kindgerecht bedeutet.<\/p>\n\n\n\n<figure class=\"wp-block-gallery has-nested-images columns-default is-cropped wp-block-gallery-1 is-layout-flex wp-block-gallery-is-layout-flex\">\n<figure class=\"wp-block-image size-full\"><img loading=\"lazy\" decoding=\"async\" width=\"527\" height=\"675\" data-id=\"314\" src=\"https:\/\/wordpress.nibis.de\/gsseelze\/files\/2024\/04\/Bekir-Bulut-klein.jpg\" alt=\"\" class=\"wp-image-314\" \/><figcaption>Bekir Bulut <\/figcaption><\/figure>\n\n\n\n<figure class=\"wp-block-image size-full\"><img loading=\"lazy\" decoding=\"async\" width=\"497\" height=\"629\" data-id=\"478\" src=\"https:\/\/wordpress.nibis.de\/gsseelze\/files\/2025\/03\/Johanna.jpg\" alt=\"\" class=\"wp-image-478\" \/><figcaption>Johanna Schm\u00e4deke<\/figcaption><\/figure>\n<\/figure>\n\n\n\n<p class=\"has-text-align-center\">                              <\/p>\n\n\n\n<p class=\"has-text-align-center\">                                               <\/p>\n\n\n\n<div class=\"wp-block-group\"><div class=\"wp-block-group__inner-container is-layout-flow wp-block-group-is-layout-flow\">\n<p class=\"has-text-align-center\">                  <\/p>\n<\/div><\/div>\n\n\n\n<p><strong>Angebote f\u00fcr Sch\u00fcler:innen<\/strong><\/p>\n\n\n\n<p>Hallo liebes Schulkind,<\/p>\n\n\n\n<p>wir sind jederzeit f\u00fcr dich da, wenn du:<\/p>\n\n\n\n<ul class=\"wp-block-list\"><li>Kummer hast<\/li><li>dir Sorgen machst<\/li><li>traurig bist<\/li><li>dich allein f\u00fchlst<\/li><li>jemanden zum Zuh\u00f6ren brauchst<\/li><li>Zuhause Streit hast und mit jemanden dar\u00fcber sprechen m\u00f6chtest<\/li><li>einen Streit mit Mitsch\u00fcler:innen kl\u00e4ren m\u00f6chtest.<\/li><\/ul>\n\n\n\n<p>Du bist bei uns immer herzlich willkommen!<\/p>\n\n\n\n<p>\u00dcbrigens: Wir d\u00fcrfen keine Geheimnisse und das, was du uns erz\u00e4hlst weitersagen, wenn du es uns nicht erlaubst. F\u00fcr uns ist es ganz wichtig, dass wir gemeinsam eine L\u00f6sung f\u00fcr dein Anliegen finden.<\/p>\n\n\n\n<p><strong>Angebote in den Klassen<\/strong><\/p>\n\n\n\n<p>Der Klassenrat findet einmal w\u00f6chentlich ab dem ersten Schuljahr in allen Klassen statt und ist der Ausgangspunkt der Demokratie an unserer Schule.<\/p>\n\n\n\n<p>Neben dem Klassenrat findet zwei Mal im Monat eine Kinderkonferenz statt. Das Ziel dieser ist es, dass Kinder lernen ihre Interessen zu vertreten, ihre Kritik anzubringen und so Verantwortung zu \u00fcben. Es ist ein jahrgangs\u00fcbergreifendes Projekt, d.h. aus jeder Klasse des 2. bis 4. Schuljahrgangs werden zwei Klassensprecher:innen und Freiwillige in die Kinderkonferenz eingeladen.<\/p>\n\n\n\n<p>Au\u00dferdem wird an der Schule die Durchf\u00fchrung von Sozialtrainings angeboten. Dies ist ein Trainingsprogramm zum Aufbau und zur Ein\u00fcbung emotionaler und sozialer Fertigkeiten, F\u00e4higkeiten und Kompetenzen im Rahmen der Schulklasse. Thematisch wird das Training an die Bed\u00fcrfnisse der Klasse angepasst und umfasst unter anderem die Themen: Meine Gef\u00fchle, wertsch\u00e4tzende Kommunikation und der r\u00fccksichtsvolle Umgang untereinander.<\/p>\n\n\n\n<p><strong>Angebote f\u00fcr Eltern und Familien<\/strong><\/p>\n\n\n\n<p>Sie k\u00f6nnen bei pers\u00f6nlichen, schulischen oder famili\u00e4ren Schwierigkeiten bei uns einen Termin f\u00fcr eine Einzelfallberatung vereinbaren. Die Beratungstermine k\u00f6nnen nach individuellem Bedarf telefonisch oder per E-Mail vereinbart werden.<\/p>\n\n\n\n<p>Bekir Bulut, 05137\/938229, &#98;&#x65;&#x6b;&#105;&#x72;&#x2e;b&#x75;&#x6c;u&#116;&#x40;g&#115;&#x72;-&#115;&#x65;e&#108;&#x7a;e&#46;&#x65;&#x75;<\/p>\n\n\n\n<p>Johanna Schm\u00e4deke, mobil: 0176\/18280509, j&#111;&#104;&#x61;&#x6e;&#x6e;a&#46;&#115;&#99;&#x68;&#x6d;&#x61;e&#100;&#101;&#107;&#x65;&#x40;&#x67;s&#114;&#45;&#x73;&#x65;&#x65;lz&#101;&#46;&#x65;&#x75;<\/p>\n\n\n\n<p><\/p>\n","protected":false},"excerpt":{"rendered":"<p>Kinder st\u00e4rken hei\u00dft in erster Linie, ihnen St\u00e4rke zu schenken, mit ihnen St\u00e4rke zu erarbeiten und durch ihre St\u00e4rke zu lernen, was kindgerecht bedeutet. Angebote f\u00fcr Sch\u00fcler:innen Hallo liebes Schulkind, wir sind jederzeit f\u00fcr dich da, wenn du: Kummer hast dir Sorgen machst traurig bist dich allein f\u00fchlst jemanden zum Zuh\u00f6ren brauchst Zuhause Streit hast [&hellip;]<\/p>\n","protected":false},"author":9194316,"featured_media":0,"comment_status":"closed","ping_status":"closed","sticky":false,"template":"","format":"standard","meta":{"footnotes":""},"categories":[27],"tags":[],"class_list":["post-287","post","type-post","status-publish","format-standard","hentry","category-schulsozialarbeit"],"_links":{"self":[{"href":"https:\/\/wordpress.nibis.de\/gsseelze\/wp-json\/wp\/v2\/posts\/287","targetHints":{"allow":["GET"]}}],"collection":[{"href":"https:\/\/wordpress.nibis.de\/gsseelze\/wp-json\/wp\/v2\/posts"}],"about":[{"href":"https:\/\/wordpress.nibis.de\/gsseelze\/wp-json\/wp\/v2\/types\/post"}],"author":[{"embeddable":true,"href":"https:\/\/wordpress.nibis.de\/gsseelze\/wp-json\/wp\/v2\/users\/9194316"}],"replies":[{"embeddable":true,"href":"https:\/\/wordpress.nibis.de\/gsseelze\/wp-json\/wp\/v2\/comments?post=287"}],"version-history":[{"count":6,"href":"https:\/\/wordpress.nibis.de\/gsseelze\/wp-json\/wp\/v2\/posts\/287\/revisions"}],"predecessor-version":[{"id":481,"href":"https:\/\/wordpress.nibis.de\/gsseelze\/wp-json\/wp\/v2\/posts\/287\/revisions\/481"}],"wp:attachment":[{"href":"https:\/\/wordpress.nibis.de\/gsseelze\/wp-json\/wp\/v2\/media?parent=287"}],"wp:term":[{"taxonomy":"category","embeddable":true,"href":"https:\/\/wordpress.nibis.de\/gsseelze\/wp-json\/wp\/v2\/categories?post=287"},{"taxonomy":"post_tag","embeddable":true,"href":"https:\/\/wordpress.nibis.de\/gsseelze\/wp-json\/wp\/v2\/tags?post=287"}],"curies":[{"name":"wp","href":"https:\/\/api.w.org\/{rel}","templated":true}]}}