{"id":340,"date":"2024-06-02T16:28:00","date_gmt":"2024-06-02T14:28:00","guid":{"rendered":"https:\/\/wordpress.nibis.de\/gsseelze\/?p=340"},"modified":"2024-06-02T16:29:00","modified_gmt":"2024-06-02T14:29:00","slug":"3-landesweite-kinderkonferenz-im-niedersaechsischen-landtag","status":"publish","type":"post","link":"https:\/\/wordpress.nibis.de\/gsseelze\/3-landesweite-kinderkonferenz-im-niedersaechsischen-landtag\/","title":{"rendered":"3. Landesweite Kinderkonferenz im Nieders\u00e4chsischen Landtag"},"content":{"rendered":"\n<p>Am 30. Mai 2024 fand in Hannover auf Einladung der Landtagspr\u00e4sidentin Hanna Naber die 3. Landesweite Kinderkonferenz im Forum des Landtages statt. Organisiert wurde diese zum dritten Mal von Herrn Bulut, der auch die Idee dazu hatte. Kinder unserer Schule begr\u00fc\u00dften alle G\u00e4ste, bevor sich die Sch\u00fclerinnen und Sch\u00fcler aus ganz Niedersachsen in den Arbeitsgruppen zu Themen wie &#8222;Kinderrechte im Grundgesetz&#8220;, &#8222;Umweltschutz&#8220; oder &#8222;Krieg und Frieden&#8220; austauschten. Die Ergebnisse wurden anschlie\u00dfend der stellvertretenden Landtagspr\u00e4sidentin Frau Otte-Kinast und den anwesenden Politikerinnen und Politikern mit dem Wunsch \u00fcbergeben, dass sie diese bei ihrer Arbeit ber\u00fccksichtigen. Wir freuen uns sehr dar\u00fcber, dass die Veranstaltung im Landtag zum dritten Mal stattfinden konnte und sagen allen Unterst\u00fctzenden sowie den Helfenden herzlichen Dank!<\/p>\n\n\n\n<figure class=\"wp-block-gallery has-nested-images columns-default is-cropped wp-block-gallery-1 is-layout-flex wp-block-gallery-is-layout-flex\">\n<figure class=\"wp-block-image size-large\"><img loading=\"lazy\" decoding=\"async\" width=\"2560\" height=\"1920\" data-id=\"339\" src=\"https:\/\/wordpress.nibis.de\/gsseelze\/files\/2024\/05\/IMG_7786-scaled.jpg\" alt=\"\" class=\"wp-image-339\" srcset=\"https:\/\/wordpress.nibis.de\/gsseelze\/files\/2024\/05\/IMG_7786-scaled.jpg 2560w, https:\/\/wordpress.nibis.de\/gsseelze\/files\/2024\/05\/IMG_7786-768x576.jpg 768w, https:\/\/wordpress.nibis.de\/gsseelze\/files\/2024\/05\/IMG_7786-1536x1152.jpg 1536w, https:\/\/wordpress.nibis.de\/gsseelze\/files\/2024\/05\/IMG_7786-2048x1536.jpg 2048w\" sizes=\"auto, (max-width: 2560px) 100vw, 2560px\" \/><\/figure>\n\n\n\n<figure class=\"wp-block-image size-large\"><img loading=\"lazy\" decoding=\"async\" width=\"2560\" height=\"1920\" data-id=\"338\" src=\"https:\/\/wordpress.nibis.de\/gsseelze\/files\/2024\/05\/IMG_7781-scaled.jpg\" alt=\"\" class=\"wp-image-338\" srcset=\"https:\/\/wordpress.nibis.de\/gsseelze\/files\/2024\/05\/IMG_7781-scaled.jpg 2560w, https:\/\/wordpress.nibis.de\/gsseelze\/files\/2024\/05\/IMG_7781-768x576.jpg 768w, https:\/\/wordpress.nibis.de\/gsseelze\/files\/2024\/05\/IMG_7781-1536x1152.jpg 1536w, https:\/\/wordpress.nibis.de\/gsseelze\/files\/2024\/05\/IMG_7781-2048x1536.jpg 2048w\" sizes=\"auto, (max-width: 2560px) 100vw, 2560px\" \/><\/figure>\n<\/figure>\n\n\n\n<p>Einen kurzen Fernsehbericht mit Interviews unserer Sch\u00fclerinnen und Sch\u00fcler gibt es <a rel=\"noreferrer noopener\" href=\"https:\/\/www.ardmediathek.de\/video\/hallo-niedersachsen\/dritte-landesweite-kinderkonferenz-im-landtag-hannover\/ndr\/Y3JpZDovL25kci5kZS82ZWVhMDIxZC1iNjdhLTQzYmMtYTMwMS0xMjdmNmZjZTRhMjc\" target=\"_blank\">hier<\/a>!<\/p>\n","protected":false},"excerpt":{"rendered":"<p>Am 30. Mai 2024 fand in Hannover auf Einladung der Landtagspr\u00e4sidentin Hanna Naber die 3. Landesweite Kinderkonferenz im Forum des Landtages statt. Organisiert wurde diese zum dritten Mal von Herrn Bulut, der auch die Idee dazu hatte. Kinder unserer Schule begr\u00fc\u00dften alle G\u00e4ste, bevor sich die Sch\u00fclerinnen und Sch\u00fcler aus ganz Niedersachsen in den Arbeitsgruppen [&hellip;]<\/p>\n","protected":false},"author":9194316,"featured_media":0,"comment_status":"closed","ping_status":"closed","sticky":false,"template":"","format":"standard","meta":{"footnotes":""},"categories":[1],"tags":[],"class_list":["post-340","post","type-post","status-publish","format-standard","hentry","category-allgemein"],"_links":{"self":[{"href":"https:\/\/wordpress.nibis.de\/gsseelze\/wp-json\/wp\/v2\/posts\/340","targetHints":{"allow":["GET"]}}],"collection":[{"href":"https:\/\/wordpress.nibis.de\/gsseelze\/wp-json\/wp\/v2\/posts"}],"about":[{"href":"https:\/\/wordpress.nibis.de\/gsseelze\/wp-json\/wp\/v2\/types\/post"}],"author":[{"embeddable":true,"href":"https:\/\/wordpress.nibis.de\/gsseelze\/wp-json\/wp\/v2\/users\/9194316"}],"replies":[{"embeddable":true,"href":"https:\/\/wordpress.nibis.de\/gsseelze\/wp-json\/wp\/v2\/comments?post=340"}],"version-history":[{"count":3,"href":"https:\/\/wordpress.nibis.de\/gsseelze\/wp-json\/wp\/v2\/posts\/340\/revisions"}],"predecessor-version":[{"id":343,"href":"https:\/\/wordpress.nibis.de\/gsseelze\/wp-json\/wp\/v2\/posts\/340\/revisions\/343"}],"wp:attachment":[{"href":"https:\/\/wordpress.nibis.de\/gsseelze\/wp-json\/wp\/v2\/media?parent=340"}],"wp:term":[{"taxonomy":"category","embeddable":true,"href":"https:\/\/wordpress.nibis.de\/gsseelze\/wp-json\/wp\/v2\/categories?post=340"},{"taxonomy":"post_tag","embeddable":true,"href":"https:\/\/wordpress.nibis.de\/gsseelze\/wp-json\/wp\/v2\/tags?post=340"}],"curies":[{"name":"wp","href":"https:\/\/api.w.org\/{rel}","templated":true}]}}