{"id":348,"date":"2024-06-07T06:56:50","date_gmt":"2024-06-07T04:56:50","guid":{"rendered":"https:\/\/wordpress.nibis.de\/gsseelze\/?p=348"},"modified":"2024-06-07T06:56:50","modified_gmt":"2024-06-07T04:56:50","slug":"auftritt-des-regenbogenchores-am-01-mai-2024-in-lohnde","status":"publish","type":"post","link":"https:\/\/wordpress.nibis.de\/gsseelze\/auftritt-des-regenbogenchores-am-01-mai-2024-in-lohnde\/","title":{"rendered":"Auftritt des Regenbogenchores am 01. Mai 2024 in Lohnde"},"content":{"rendered":"\n<p>Am 01. Mai 2024 war der Regenbogenchor eingeladen beim Maibaumsetzen in Lohnde mitzuwirken. Das gemeinsame Singen mit den M\u00e4nnern und der Musikgruppe des Shanty-Chores Lohnde hat Zuschauenden und Singenden so viel Spa\u00df gemacht, dass wir spontan zum allj\u00e4hrlich stattfindenden Shanty-Chor-Festival in Seelze eingeladen wurden. Um 19.00 Uhr ging es zum gro\u00dfen Finale auf die B\u00fchne am Rathausplatz Seelze. &#8222;Kleine M\u00f6we, flieg nach Helgoland&#8220;, &#8222;Er hat ein knallrotes Gummiboot&#8220; und ein &#8222;Santiano-Medley&#8220; sang der Regenbogenchor mit. Besonderen Applaus erhielten wir f\u00fcr &#8222;My Bonnie is over the Ocean&#8220;, denn hier durften die S\u00e4ngerinnen und S\u00e4nger des Regenbogenchores die Strophen singen und der Shanty-Chor setze nur beim Refrain ein.<\/p>\n\n\n\n<p>Eine tolle Erfahrung f\u00fcr die Kinder und geballte Lebensfreude auf der B\u00fchne! <\/p>\n\n\n\n<p>Thekla Aissen (Chorleitung)<\/p>\n\n\n\n<figure class=\"wp-block-gallery has-nested-images columns-default is-cropped wp-block-gallery-1 is-layout-flex wp-block-gallery-is-layout-flex\">\n<figure class=\"wp-block-image size-large\"><img loading=\"lazy\" decoding=\"async\" width=\"1600\" height=\"1200\" data-id=\"354\" src=\"https:\/\/wordpress.nibis.de\/gsseelze\/files\/2024\/06\/2024-01.06.-Shanty-Festival1-4.jpg\" alt=\"\" class=\"wp-image-354\" srcset=\"https:\/\/wordpress.nibis.de\/gsseelze\/files\/2024\/06\/2024-01.06.-Shanty-Festival1-4.jpg 1600w, https:\/\/wordpress.nibis.de\/gsseelze\/files\/2024\/06\/2024-01.06.-Shanty-Festival1-4-768x576.jpg 768w, https:\/\/wordpress.nibis.de\/gsseelze\/files\/2024\/06\/2024-01.06.-Shanty-Festival1-4-1536x1152.jpg 1536w\" sizes=\"auto, (max-width: 1600px) 100vw, 1600px\" \/><\/figure>\n\n\n\n<figure class=\"wp-block-image size-large\"><img loading=\"lazy\" decoding=\"async\" width=\"1600\" height=\"1200\" data-id=\"353\" src=\"https:\/\/wordpress.nibis.de\/gsseelze\/files\/2024\/06\/2024-01.06.-Shanty-Festival1-3.jpg\" alt=\"\" class=\"wp-image-353\" srcset=\"https:\/\/wordpress.nibis.de\/gsseelze\/files\/2024\/06\/2024-01.06.-Shanty-Festival1-3.jpg 1600w, https:\/\/wordpress.nibis.de\/gsseelze\/files\/2024\/06\/2024-01.06.-Shanty-Festival1-3-768x576.jpg 768w, https:\/\/wordpress.nibis.de\/gsseelze\/files\/2024\/06\/2024-01.06.-Shanty-Festival1-3-1536x1152.jpg 1536w\" sizes=\"auto, (max-width: 1600px) 100vw, 1600px\" \/><\/figure>\n\n\n\n<figure class=\"wp-block-image size-large\"><img loading=\"lazy\" decoding=\"async\" width=\"1200\" height=\"1600\" data-id=\"352\" src=\"https:\/\/wordpress.nibis.de\/gsseelze\/files\/2024\/06\/2024-01.06.-Shanty-Festival1-2.jpg\" alt=\"\" class=\"wp-image-352\" srcset=\"https:\/\/wordpress.nibis.de\/gsseelze\/files\/2024\/06\/2024-01.06.-Shanty-Festival1-2.jpg 1200w, https:\/\/wordpress.nibis.de\/gsseelze\/files\/2024\/06\/2024-01.06.-Shanty-Festival1-2-768x1024.jpg 768w, https:\/\/wordpress.nibis.de\/gsseelze\/files\/2024\/06\/2024-01.06.-Shanty-Festival1-2-1152x1536.jpg 1152w\" sizes=\"auto, (max-width: 1200px) 100vw, 1200px\" \/><\/figure>\n\n\n\n<figure class=\"wp-block-image size-large\"><img loading=\"lazy\" decoding=\"async\" width=\"2560\" height=\"2487\" data-id=\"351\" src=\"https:\/\/wordpress.nibis.de\/gsseelze\/files\/2024\/06\/2024-01.06.-Shanty-Festival1-1-scaled.jpg\" alt=\"\" class=\"wp-image-351\" srcset=\"https:\/\/wordpress.nibis.de\/gsseelze\/files\/2024\/06\/2024-01.06.-Shanty-Festival1-1-scaled.jpg 2560w, https:\/\/wordpress.nibis.de\/gsseelze\/files\/2024\/06\/2024-01.06.-Shanty-Festival1-1-768x746.jpg 768w, https:\/\/wordpress.nibis.de\/gsseelze\/files\/2024\/06\/2024-01.06.-Shanty-Festival1-1-1536x1492.jpg 1536w, https:\/\/wordpress.nibis.de\/gsseelze\/files\/2024\/06\/2024-01.06.-Shanty-Festival1-1-2048x1990.jpg 2048w\" sizes=\"auto, (max-width: 2560px) 100vw, 2560px\" \/><\/figure>\n<\/figure>\n","protected":false},"excerpt":{"rendered":"<p>Am 01. Mai 2024 war der Regenbogenchor eingeladen beim Maibaumsetzen in Lohnde mitzuwirken. Das gemeinsame Singen mit den M\u00e4nnern und der Musikgruppe des Shanty-Chores Lohnde hat Zuschauenden und Singenden so viel Spa\u00df gemacht, dass wir spontan zum allj\u00e4hrlich stattfindenden Shanty-Chor-Festival in Seelze eingeladen wurden. Um 19.00 Uhr ging es zum gro\u00dfen Finale auf die B\u00fchne [&hellip;]<\/p>\n","protected":false},"author":9194316,"featured_media":0,"comment_status":"closed","ping_status":"closed","sticky":false,"template":"","format":"standard","meta":{"footnotes":""},"categories":[28],"tags":[],"class_list":["post-348","post","type-post","status-publish","format-standard","hentry","category-tanz-ag"],"_links":{"self":[{"href":"https:\/\/wordpress.nibis.de\/gsseelze\/wp-json\/wp\/v2\/posts\/348","targetHints":{"allow":["GET"]}}],"collection":[{"href":"https:\/\/wordpress.nibis.de\/gsseelze\/wp-json\/wp\/v2\/posts"}],"about":[{"href":"https:\/\/wordpress.nibis.de\/gsseelze\/wp-json\/wp\/v2\/types\/post"}],"author":[{"embeddable":true,"href":"https:\/\/wordpress.nibis.de\/gsseelze\/wp-json\/wp\/v2\/users\/9194316"}],"replies":[{"embeddable":true,"href":"https:\/\/wordpress.nibis.de\/gsseelze\/wp-json\/wp\/v2\/comments?post=348"}],"version-history":[{"count":4,"href":"https:\/\/wordpress.nibis.de\/gsseelze\/wp-json\/wp\/v2\/posts\/348\/revisions"}],"predecessor-version":[{"id":357,"href":"https:\/\/wordpress.nibis.de\/gsseelze\/wp-json\/wp\/v2\/posts\/348\/revisions\/357"}],"wp:attachment":[{"href":"https:\/\/wordpress.nibis.de\/gsseelze\/wp-json\/wp\/v2\/media?parent=348"}],"wp:term":[{"taxonomy":"category","embeddable":true,"href":"https:\/\/wordpress.nibis.de\/gsseelze\/wp-json\/wp\/v2\/categories?post=348"},{"taxonomy":"post_tag","embeddable":true,"href":"https:\/\/wordpress.nibis.de\/gsseelze\/wp-json\/wp\/v2\/tags?post=348"}],"curies":[{"name":"wp","href":"https:\/\/api.w.org\/{rel}","templated":true}]}}