{"id":447,"date":"2024-10-02T17:23:53","date_gmt":"2024-10-02T15:23:53","guid":{"rendered":"https:\/\/wordpress.nibis.de\/gsseelze\/?p=447"},"modified":"2024-10-02T17:23:53","modified_gmt":"2024-10-02T15:23:53","slug":"abschluss-des-projektes-dialektisches-denken-foerdern-durch-philosophieren-mit-kindern-am-01-10-2024","status":"publish","type":"post","link":"https:\/\/wordpress.nibis.de\/gsseelze\/abschluss-des-projektes-dialektisches-denken-foerdern-durch-philosophieren-mit-kindern-am-01-10-2024\/","title":{"rendered":"Abschluss des Projektes &#8222;Dialektisches Denken f\u00f6rdern durch Philosophieren mit Kindern&#8220; am 01.10.2024"},"content":{"rendered":"\n<p>Seit Herbst 2022 fand an unserer Schule die Durchf\u00fchrung des bundesweit einmaligen Projektes \u201eDialektisches Denken bei Kindern f\u00f6rdern und entwickeln durch Philosophieren mit Kindern\u201c in Kooperation mit der Carl von Ossietzky-Universit\u00e4t Oldenburg, Institut f\u00fcr Philosophie, unter der Leitung von Dr. Hans-Joachim M\u00fcller statt. Zum Abschluss konnte nun das Publikum eine philosophische Runde verfolgen, die sich u.a. mit den Fragen auseinandersetzte, was das Wesen eines Vogels ausmacht und ob man mit seinem Leben zufriedener w\u00e4re, wenn man alles k\u00f6nnte, was man gern k\u00f6nnen w\u00fcrde. Die Kinder tauschten sich lebhaft dazu aus und begr\u00fcndeten ihre vielf\u00e4ltigen Gedanken stets mit nachvollziehbaren  Argumenten. Auf diese Weise begeisterten sie die Erwachsenen und bekamen im Anschluss einen riesengro\u00dfen Applaus. Vielen Dank an alle Beteiligten, das habt Ihr toll gemacht!<\/p>\n\n\n\n<p><\/p>\n\n\n\n<figure class=\"wp-block-gallery has-nested-images columns-default is-cropped wp-block-gallery-1 is-layout-flex wp-block-gallery-is-layout-flex\">\n<figure class=\"wp-block-image size-large\"><img loading=\"lazy\" decoding=\"async\" width=\"2560\" height=\"1710\" data-id=\"451\" src=\"https:\/\/wordpress.nibis.de\/gsseelze\/files\/2024\/10\/IMG_8413a-scaled.jpg\" alt=\"\" class=\"wp-image-451\" srcset=\"https:\/\/wordpress.nibis.de\/gsseelze\/files\/2024\/10\/IMG_8413a-scaled.jpg 2560w, https:\/\/wordpress.nibis.de\/gsseelze\/files\/2024\/10\/IMG_8413a-768x513.jpg 768w, https:\/\/wordpress.nibis.de\/gsseelze\/files\/2024\/10\/IMG_8413a-1536x1026.jpg 1536w, https:\/\/wordpress.nibis.de\/gsseelze\/files\/2024\/10\/IMG_8413a-2048x1368.jpg 2048w\" sizes=\"auto, (max-width: 2560px) 100vw, 2560px\" \/><\/figure>\n\n\n\n<figure class=\"wp-block-image size-large\"><img loading=\"lazy\" decoding=\"async\" width=\"2560\" height=\"1920\" data-id=\"453\" src=\"https:\/\/wordpress.nibis.de\/gsseelze\/files\/2024\/10\/IMG_8423-scaled.jpg\" alt=\"\" class=\"wp-image-453\" srcset=\"https:\/\/wordpress.nibis.de\/gsseelze\/files\/2024\/10\/IMG_8423-scaled.jpg 2560w, https:\/\/wordpress.nibis.de\/gsseelze\/files\/2024\/10\/IMG_8423-768x576.jpg 768w, https:\/\/wordpress.nibis.de\/gsseelze\/files\/2024\/10\/IMG_8423-1536x1152.jpg 1536w, https:\/\/wordpress.nibis.de\/gsseelze\/files\/2024\/10\/IMG_8423-2048x1536.jpg 2048w\" sizes=\"auto, (max-width: 2560px) 100vw, 2560px\" \/><\/figure>\n\n\n\n<figure class=\"wp-block-image size-large\"><img loading=\"lazy\" decoding=\"async\" width=\"2560\" height=\"1920\" data-id=\"454\" src=\"https:\/\/wordpress.nibis.de\/gsseelze\/files\/2024\/10\/IMG_8417-scaled.jpg\" alt=\"\" class=\"wp-image-454\" srcset=\"https:\/\/wordpress.nibis.de\/gsseelze\/files\/2024\/10\/IMG_8417-scaled.jpg 2560w, https:\/\/wordpress.nibis.de\/gsseelze\/files\/2024\/10\/IMG_8417-768x576.jpg 768w, https:\/\/wordpress.nibis.de\/gsseelze\/files\/2024\/10\/IMG_8417-1536x1152.jpg 1536w, https:\/\/wordpress.nibis.de\/gsseelze\/files\/2024\/10\/IMG_8417-2048x1536.jpg 2048w\" sizes=\"auto, (max-width: 2560px) 100vw, 2560px\" \/><\/figure>\n\n\n\n<figure class=\"wp-block-image size-large\"><img loading=\"lazy\" decoding=\"async\" width=\"2560\" height=\"1920\" data-id=\"455\" src=\"https:\/\/wordpress.nibis.de\/gsseelze\/files\/2024\/10\/IMG_8428-scaled.jpg\" alt=\"\" class=\"wp-image-455\" srcset=\"https:\/\/wordpress.nibis.de\/gsseelze\/files\/2024\/10\/IMG_8428-scaled.jpg 2560w, https:\/\/wordpress.nibis.de\/gsseelze\/files\/2024\/10\/IMG_8428-768x576.jpg 768w, https:\/\/wordpress.nibis.de\/gsseelze\/files\/2024\/10\/IMG_8428-1536x1152.jpg 1536w, https:\/\/wordpress.nibis.de\/gsseelze\/files\/2024\/10\/IMG_8428-2048x1536.jpg 2048w\" sizes=\"auto, (max-width: 2560px) 100vw, 2560px\" \/><\/figure>\n<\/figure>\n","protected":false},"excerpt":{"rendered":"<p>Seit Herbst 2022 fand an unserer Schule die Durchf\u00fchrung des bundesweit einmaligen Projektes \u201eDialektisches Denken bei Kindern f\u00f6rdern und entwickeln durch Philosophieren mit Kindern\u201c in Kooperation mit der Carl von Ossietzky-Universit\u00e4t Oldenburg, Institut f\u00fcr Philosophie, unter der Leitung von Dr. Hans-Joachim M\u00fcller statt. Zum Abschluss konnte nun das Publikum eine philosophische Runde verfolgen, die sich [&hellip;]<\/p>\n","protected":false},"author":9194316,"featured_media":0,"comment_status":"closed","ping_status":"closed","sticky":false,"template":"","format":"standard","meta":{"footnotes":""},"categories":[1],"tags":[],"class_list":["post-447","post","type-post","status-publish","format-standard","hentry","category-allgemein"],"_links":{"self":[{"href":"https:\/\/wordpress.nibis.de\/gsseelze\/wp-json\/wp\/v2\/posts\/447","targetHints":{"allow":["GET"]}}],"collection":[{"href":"https:\/\/wordpress.nibis.de\/gsseelze\/wp-json\/wp\/v2\/posts"}],"about":[{"href":"https:\/\/wordpress.nibis.de\/gsseelze\/wp-json\/wp\/v2\/types\/post"}],"author":[{"embeddable":true,"href":"https:\/\/wordpress.nibis.de\/gsseelze\/wp-json\/wp\/v2\/users\/9194316"}],"replies":[{"embeddable":true,"href":"https:\/\/wordpress.nibis.de\/gsseelze\/wp-json\/wp\/v2\/comments?post=447"}],"version-history":[{"count":5,"href":"https:\/\/wordpress.nibis.de\/gsseelze\/wp-json\/wp\/v2\/posts\/447\/revisions"}],"predecessor-version":[{"id":460,"href":"https:\/\/wordpress.nibis.de\/gsseelze\/wp-json\/wp\/v2\/posts\/447\/revisions\/460"}],"wp:attachment":[{"href":"https:\/\/wordpress.nibis.de\/gsseelze\/wp-json\/wp\/v2\/media?parent=447"}],"wp:term":[{"taxonomy":"category","embeddable":true,"href":"https:\/\/wordpress.nibis.de\/gsseelze\/wp-json\/wp\/v2\/categories?post=447"},{"taxonomy":"post_tag","embeddable":true,"href":"https:\/\/wordpress.nibis.de\/gsseelze\/wp-json\/wp\/v2\/tags?post=447"}],"curies":[{"name":"wp","href":"https:\/\/api.w.org\/{rel}","templated":true}]}}