{"id":462,"date":"2024-12-13T08:28:29","date_gmt":"2024-12-13T07:28:29","guid":{"rendered":"https:\/\/wordpress.nibis.de\/gsseelze\/?p=462"},"modified":"2024-12-13T08:28:29","modified_gmt":"2024-12-13T07:28:29","slug":"adventskonzert-am-05-12-2024-mit-dem-blaeserquintett-aus-riga","status":"publish","type":"post","link":"https:\/\/wordpress.nibis.de\/gsseelze\/adventskonzert-am-05-12-2024-mit-dem-blaeserquintett-aus-riga\/","title":{"rendered":"Adventskonzert am 05.12.2024 mit dem Bl\u00e4serquintett aus Riga"},"content":{"rendered":"\n<p>Inzwischen ist es an unserer Schule zur Tradition geworden: auch in diesem Jahr begeisterten f\u00fcnf Blechbl\u00e4ser des Philharmonischen Orchesters aus Riga die ganze Schulgemeinschaft mit ihrem K\u00f6nnen und stimmten alle auf Weihnachten ein. Dabei f\u00fchrte Hornist Dainis Tarasous humorvoll und fr\u00f6hlich durch das adventliche Programm und lud die Kinder zum Mitsingen, Klatschen und Raten ein. Die Freude war auch in diesem Jahr wieder sehr gro\u00df. Vielen Dank, dass Sie sich wieder auf den weiten Weg zu uns gemacht haben!<\/p>\n\n\n\n<figure class=\"wp-block-image size-large\"><img loading=\"lazy\" decoding=\"async\" width=\"2365\" height=\"1773\" src=\"https:\/\/wordpress.nibis.de\/gsseelze\/files\/2024\/12\/IMG_20241205_090147651-edited-1.jpg\" alt=\"\" class=\"wp-image-466\" srcset=\"https:\/\/wordpress.nibis.de\/gsseelze\/files\/2024\/12\/IMG_20241205_090147651-edited-1.jpg 2365w, https:\/\/wordpress.nibis.de\/gsseelze\/files\/2024\/12\/IMG_20241205_090147651-edited-1-768x576.jpg 768w, https:\/\/wordpress.nibis.de\/gsseelze\/files\/2024\/12\/IMG_20241205_090147651-edited-1-1536x1152.jpg 1536w, https:\/\/wordpress.nibis.de\/gsseelze\/files\/2024\/12\/IMG_20241205_090147651-edited-1-2048x1535.jpg 2048w\" sizes=\"auto, (max-width: 2365px) 100vw, 2365px\" \/><\/figure>\n\n\n\n<p><\/p>\n","protected":false},"excerpt":{"rendered":"<p>Inzwischen ist es an unserer Schule zur Tradition geworden: auch in diesem Jahr begeisterten f\u00fcnf Blechbl\u00e4ser des Philharmonischen Orchesters aus Riga die ganze Schulgemeinschaft mit ihrem K\u00f6nnen und stimmten alle auf Weihnachten ein. Dabei f\u00fchrte Hornist Dainis Tarasous humorvoll und fr\u00f6hlich durch das adventliche Programm und lud die Kinder zum Mitsingen, Klatschen und Raten ein. [&hellip;]<\/p>\n","protected":false},"author":9194316,"featured_media":0,"comment_status":"closed","ping_status":"closed","sticky":false,"template":"","format":"standard","meta":{"footnotes":""},"categories":[1],"tags":[],"class_list":["post-462","post","type-post","status-publish","format-standard","hentry","category-allgemein"],"_links":{"self":[{"href":"https:\/\/wordpress.nibis.de\/gsseelze\/wp-json\/wp\/v2\/posts\/462","targetHints":{"allow":["GET"]}}],"collection":[{"href":"https:\/\/wordpress.nibis.de\/gsseelze\/wp-json\/wp\/v2\/posts"}],"about":[{"href":"https:\/\/wordpress.nibis.de\/gsseelze\/wp-json\/wp\/v2\/types\/post"}],"author":[{"embeddable":true,"href":"https:\/\/wordpress.nibis.de\/gsseelze\/wp-json\/wp\/v2\/users\/9194316"}],"replies":[{"embeddable":true,"href":"https:\/\/wordpress.nibis.de\/gsseelze\/wp-json\/wp\/v2\/comments?post=462"}],"version-history":[{"count":3,"href":"https:\/\/wordpress.nibis.de\/gsseelze\/wp-json\/wp\/v2\/posts\/462\/revisions"}],"predecessor-version":[{"id":468,"href":"https:\/\/wordpress.nibis.de\/gsseelze\/wp-json\/wp\/v2\/posts\/462\/revisions\/468"}],"wp:attachment":[{"href":"https:\/\/wordpress.nibis.de\/gsseelze\/wp-json\/wp\/v2\/media?parent=462"}],"wp:term":[{"taxonomy":"category","embeddable":true,"href":"https:\/\/wordpress.nibis.de\/gsseelze\/wp-json\/wp\/v2\/categories?post=462"},{"taxonomy":"post_tag","embeddable":true,"href":"https:\/\/wordpress.nibis.de\/gsseelze\/wp-json\/wp\/v2\/tags?post=462"}],"curies":[{"name":"wp","href":"https:\/\/api.w.org\/{rel}","templated":true}]}}