{"id":471,"date":"2024-12-15T23:15:36","date_gmt":"2024-12-15T22:15:36","guid":{"rendered":"https:\/\/wordpress.nibis.de\/gsseelze\/?p=471"},"modified":"2024-12-15T23:15:36","modified_gmt":"2024-12-15T22:15:36","slug":"zeitzeuginnen-zu-besuch-in-der-regenbogenschule-am-12-12-2024","status":"publish","type":"post","link":"https:\/\/wordpress.nibis.de\/gsseelze\/zeitzeuginnen-zu-besuch-in-der-regenbogenschule-am-12-12-2024\/","title":{"rendered":"Zeitzeug:innen zu Besuch in der Regenbogenschule am 12.12.2024"},"content":{"rendered":"\n<p>Kinder der Klasse 2f waren entsetzt \u00fcber die Zerst\u00f6rung und das Leid, welches die aktuellen Kriege dieser Welt verursachen. So entstand im Klassenrat ihr Wunsch, mehr \u00fcber das Thema zu erfahren.                               Sie entwickelten die Idee, Zeitzeugen aus der Zeit des zweiten Weltkriegs zu diesem Thema zu befragen.<\/p>\n\n\n\n<p>Am Donnerstag, dem 12.12.2024, stellten sich drei Damen und ein Herr, die als Kinder den 2. Weltkrieg miterlebt hatten, den Fragen der Sch\u00fcler:innen aus insgesamt drei Klassen zu diesem Thema. <\/p>\n\n\n\n<p>Warum gibt es Krieg? Was passiert dann mit den Tieren? Wie war der Alltag der Kinder?                                             Einf\u00fchlsam moderiert von unserer Schulsprecherin und den beiden Schulsprechern, gaben die heute Erwachsenen Auskunft. <\/p>\n\n\n\n<figure class=\"wp-block-image size-large\"><img loading=\"lazy\" decoding=\"async\" width=\"2560\" height=\"2273\" src=\"https:\/\/wordpress.nibis.de\/gsseelze\/files\/2024\/12\/IMG_20241212_102403983-edited-scaled.jpg\" alt=\"\" class=\"wp-image-472\" srcset=\"https:\/\/wordpress.nibis.de\/gsseelze\/files\/2024\/12\/IMG_20241212_102403983-edited-scaled.jpg 2560w, https:\/\/wordpress.nibis.de\/gsseelze\/files\/2024\/12\/IMG_20241212_102403983-edited-768x682.jpg 768w, https:\/\/wordpress.nibis.de\/gsseelze\/files\/2024\/12\/IMG_20241212_102403983-edited-1536x1364.jpg 1536w, https:\/\/wordpress.nibis.de\/gsseelze\/files\/2024\/12\/IMG_20241212_102403983-edited-2048x1819.jpg 2048w\" sizes=\"auto, (max-width: 2560px) 100vw, 2560px\" \/><\/figure>\n\n\n\n<p>Zum Schluss bedankten sie sich bei den Sch\u00fcler:innen f\u00fcr das Interesse und die Einladung. Es sei wichtig, sich zu erinnern, damit wir uns alle f\u00fcr den Frieden stark machen und daf\u00fcr eintreten. Den Kindern der Regenbogenschule ist dies auch in der Kinderkonferenz immer wieder ein Anliegen.<\/p>\n","protected":false},"excerpt":{"rendered":"<p>Kinder der Klasse 2f waren entsetzt \u00fcber die Zerst\u00f6rung und das Leid, welches die aktuellen Kriege dieser Welt verursachen. So entstand im Klassenrat ihr Wunsch, mehr \u00fcber das Thema zu erfahren. Sie entwickelten die Idee, Zeitzeugen aus der Zeit des zweiten Weltkriegs zu diesem Thema zu befragen. Am Donnerstag, dem 12.12.2024, stellten sich drei Damen [&hellip;]<\/p>\n","protected":false},"author":9194316,"featured_media":0,"comment_status":"closed","ping_status":"closed","sticky":false,"template":"","format":"standard","meta":{"footnotes":""},"categories":[1],"tags":[],"class_list":["post-471","post","type-post","status-publish","format-standard","hentry","category-allgemein"],"_links":{"self":[{"href":"https:\/\/wordpress.nibis.de\/gsseelze\/wp-json\/wp\/v2\/posts\/471","targetHints":{"allow":["GET"]}}],"collection":[{"href":"https:\/\/wordpress.nibis.de\/gsseelze\/wp-json\/wp\/v2\/posts"}],"about":[{"href":"https:\/\/wordpress.nibis.de\/gsseelze\/wp-json\/wp\/v2\/types\/post"}],"author":[{"embeddable":true,"href":"https:\/\/wordpress.nibis.de\/gsseelze\/wp-json\/wp\/v2\/users\/9194316"}],"replies":[{"embeddable":true,"href":"https:\/\/wordpress.nibis.de\/gsseelze\/wp-json\/wp\/v2\/comments?post=471"}],"version-history":[{"count":2,"href":"https:\/\/wordpress.nibis.de\/gsseelze\/wp-json\/wp\/v2\/posts\/471\/revisions"}],"predecessor-version":[{"id":474,"href":"https:\/\/wordpress.nibis.de\/gsseelze\/wp-json\/wp\/v2\/posts\/471\/revisions\/474"}],"wp:attachment":[{"href":"https:\/\/wordpress.nibis.de\/gsseelze\/wp-json\/wp\/v2\/media?parent=471"}],"wp:term":[{"taxonomy":"category","embeddable":true,"href":"https:\/\/wordpress.nibis.de\/gsseelze\/wp-json\/wp\/v2\/categories?post=471"},{"taxonomy":"post_tag","embeddable":true,"href":"https:\/\/wordpress.nibis.de\/gsseelze\/wp-json\/wp\/v2\/tags?post=471"}],"curies":[{"name":"wp","href":"https:\/\/api.w.org\/{rel}","templated":true}]}}