{"id":554,"date":"2025-05-12T10:39:30","date_gmt":"2025-05-12T08:39:30","guid":{"rendered":"https:\/\/wordpress.nibis.de\/gsseelze\/?p=554"},"modified":"2025-05-12T10:39:30","modified_gmt":"2025-05-12T08:39:30","slug":"demokratie-fuer-alle-die-regionale-kinderkonferenz","status":"publish","type":"post","link":"https:\/\/wordpress.nibis.de\/gsseelze\/demokratie-fuer-alle-die-regionale-kinderkonferenz\/","title":{"rendered":"&#8222;Demokratie f\u00fcr alle&#8220; &#8211; Die Regionale Kinderkonferenz"},"content":{"rendered":"\n<p>Am 09. Mai 2025 fand in der Regenbogenschule moderiert von unseren Schulsprecher:innen zum wiederholten Mal eine Regionale Kinderkonferenz statt. Sch\u00fcler:innen der Klassen zwei bis vier und Lehrkr\u00e4fte sowie Sozialarbeitende aus 18 Grundschulen der Region kamen zusammen, um sich unter dem Motto &#8222;Demokratie f\u00fcr alle&#8220; zu verschiedenen von den Kindern gew\u00e4hlten Themen auszutauschen. Die Gruppen &#8222;Was ist Demokratie?&#8220;, &#8222;Recht auf ein gewaltfreies Leben&#8220;, &#8222;Tipps f\u00fcr die Demokratie an meiner Schule&#8220; und &#8222;Meine Eltern werden arbeitslos &#8211; Was hei\u00dft das f\u00fcr meine Familie?&#8220; stellten ihre Arbeitsergebnisse und Ideen anschlie\u00dfend im Plenum vor. Vielen Teilnehmenden hat der Austausch und die Diskussion mit Kindern anderer Schulen sehr gut gefallen. Die Ergebnisse sprechen f\u00fcr sich und motivieren zur Weiterarbeit! Das n\u00e4chste Treffen ist f\u00fcr November geplant.<\/p>\n\n\n\n<p>Vielen Dank an alle Besucher:innen f\u00fcr die engagierte Mitwirkung und sch\u00f6n, dass Ihr da wart!<\/p>\n\n\n\n<figure class=\"wp-block-gallery has-nested-images columns-default is-cropped wp-block-gallery-1 is-layout-flex wp-block-gallery-is-layout-flex\">\n<figure class=\"wp-block-image size-large tw-width-100 is-style-default\"><img loading=\"lazy\" decoding=\"async\" width=\"2560\" height=\"1920\" data-id=\"551\" src=\"https:\/\/wordpress.nibis.de\/gsseelze\/files\/2025\/05\/IMG_20250509_122106757-scaled.jpg\" alt=\"\" class=\"wp-image-551\" srcset=\"https:\/\/wordpress.nibis.de\/gsseelze\/files\/2025\/05\/IMG_20250509_122106757-scaled.jpg 2560w, https:\/\/wordpress.nibis.de\/gsseelze\/files\/2025\/05\/IMG_20250509_122106757-768x576.jpg 768w, https:\/\/wordpress.nibis.de\/gsseelze\/files\/2025\/05\/IMG_20250509_122106757-1536x1152.jpg 1536w, https:\/\/wordpress.nibis.de\/gsseelze\/files\/2025\/05\/IMG_20250509_122106757-2048x1536.jpg 2048w\" sizes=\"auto, (max-width: 2560px) 100vw, 2560px\" \/><figcaption>Was ist Demokratie?<\/figcaption><\/figure>\n\n\n\n<figure class=\"wp-block-image size-large\"><img loading=\"lazy\" decoding=\"async\" width=\"2560\" height=\"1920\" data-id=\"550\" src=\"https:\/\/wordpress.nibis.de\/gsseelze\/files\/2025\/05\/IMG_20250509_122055513-scaled.jpg\" alt=\"\" class=\"wp-image-550\" srcset=\"https:\/\/wordpress.nibis.de\/gsseelze\/files\/2025\/05\/IMG_20250509_122055513-scaled.jpg 2560w, https:\/\/wordpress.nibis.de\/gsseelze\/files\/2025\/05\/IMG_20250509_122055513-768x576.jpg 768w, https:\/\/wordpress.nibis.de\/gsseelze\/files\/2025\/05\/IMG_20250509_122055513-1536x1152.jpg 1536w, https:\/\/wordpress.nibis.de\/gsseelze\/files\/2025\/05\/IMG_20250509_122055513-2048x1536.jpg 2048w\" sizes=\"auto, (max-width: 2560px) 100vw, 2560px\" \/><figcaption>Nein zu Gewalt!<\/figcaption><\/figure>\n\n\n\n<figure class=\"wp-block-image size-large\"><img loading=\"lazy\" decoding=\"async\" width=\"2560\" height=\"1920\" data-id=\"549\" src=\"https:\/\/wordpress.nibis.de\/gsseelze\/files\/2025\/05\/IMG_20250509_122048684-scaled.jpg\" alt=\"\" class=\"wp-image-549\" srcset=\"https:\/\/wordpress.nibis.de\/gsseelze\/files\/2025\/05\/IMG_20250509_122048684-scaled.jpg 2560w, https:\/\/wordpress.nibis.de\/gsseelze\/files\/2025\/05\/IMG_20250509_122048684-768x576.jpg 768w, https:\/\/wordpress.nibis.de\/gsseelze\/files\/2025\/05\/IMG_20250509_122048684-1536x1152.jpg 1536w, https:\/\/wordpress.nibis.de\/gsseelze\/files\/2025\/05\/IMG_20250509_122048684-2048x1536.jpg 2048w\" sizes=\"auto, (max-width: 2560px) 100vw, 2560px\" \/><figcaption>Tipps f\u00fcr mehr Demokratie<\/figcaption><\/figure>\n\n\n\n<figure class=\"wp-block-image size-large tw-width-100\"><img loading=\"lazy\" decoding=\"async\" width=\"2560\" height=\"1220\" data-id=\"547\" src=\"https:\/\/wordpress.nibis.de\/gsseelze\/files\/2025\/05\/IMG_20250509_122036861-scaled.jpg\" alt=\"\" class=\"wp-image-547\" srcset=\"https:\/\/wordpress.nibis.de\/gsseelze\/files\/2025\/05\/IMG_20250509_122036861-scaled.jpg 2560w, https:\/\/wordpress.nibis.de\/gsseelze\/files\/2025\/05\/IMG_20250509_122036861-768x366.jpg 768w, https:\/\/wordpress.nibis.de\/gsseelze\/files\/2025\/05\/IMG_20250509_122036861-1536x732.jpg 1536w, https:\/\/wordpress.nibis.de\/gsseelze\/files\/2025\/05\/IMG_20250509_122036861-2048x976.jpg 2048w\" sizes=\"auto, (max-width: 2560px) 100vw, 2560px\" \/><figcaption>Was bedeutet Arbeitslosigkeit f\u00fcr uns?<\/figcaption><\/figure>\n<\/figure>\n","protected":false},"excerpt":{"rendered":"<p>Am 09. Mai 2025 fand in der Regenbogenschule moderiert von unseren Schulsprecher:innen zum wiederholten Mal eine Regionale Kinderkonferenz statt. Sch\u00fcler:innen der Klassen zwei bis vier und Lehrkr\u00e4fte sowie Sozialarbeitende aus 18 Grundschulen der Region kamen zusammen, um sich unter dem Motto &#8222;Demokratie f\u00fcr alle&#8220; zu verschiedenen von den Kindern gew\u00e4hlten Themen auszutauschen. Die Gruppen &#8222;Was [&hellip;]<\/p>\n","protected":false},"author":9194316,"featured_media":0,"comment_status":"closed","ping_status":"closed","sticky":false,"template":"","format":"standard","meta":{"footnotes":""},"categories":[1],"tags":[],"class_list":["post-554","post","type-post","status-publish","format-standard","hentry","category-allgemein"],"_links":{"self":[{"href":"https:\/\/wordpress.nibis.de\/gsseelze\/wp-json\/wp\/v2\/posts\/554","targetHints":{"allow":["GET"]}}],"collection":[{"href":"https:\/\/wordpress.nibis.de\/gsseelze\/wp-json\/wp\/v2\/posts"}],"about":[{"href":"https:\/\/wordpress.nibis.de\/gsseelze\/wp-json\/wp\/v2\/types\/post"}],"author":[{"embeddable":true,"href":"https:\/\/wordpress.nibis.de\/gsseelze\/wp-json\/wp\/v2\/users\/9194316"}],"replies":[{"embeddable":true,"href":"https:\/\/wordpress.nibis.de\/gsseelze\/wp-json\/wp\/v2\/comments?post=554"}],"version-history":[{"count":2,"href":"https:\/\/wordpress.nibis.de\/gsseelze\/wp-json\/wp\/v2\/posts\/554\/revisions"}],"predecessor-version":[{"id":557,"href":"https:\/\/wordpress.nibis.de\/gsseelze\/wp-json\/wp\/v2\/posts\/554\/revisions\/557"}],"wp:attachment":[{"href":"https:\/\/wordpress.nibis.de\/gsseelze\/wp-json\/wp\/v2\/media?parent=554"}],"wp:term":[{"taxonomy":"category","embeddable":true,"href":"https:\/\/wordpress.nibis.de\/gsseelze\/wp-json\/wp\/v2\/categories?post=554"},{"taxonomy":"post_tag","embeddable":true,"href":"https:\/\/wordpress.nibis.de\/gsseelze\/wp-json\/wp\/v2\/tags?post=554"}],"curies":[{"name":"wp","href":"https:\/\/api.w.org\/{rel}","templated":true}]}}