{"id":612,"date":"2025-08-25T09:53:24","date_gmt":"2025-08-25T07:53:24","guid":{"rendered":"https:\/\/wordpress.nibis.de\/gsseelze\/?p=612"},"modified":"2025-08-25T09:53:24","modified_gmt":"2025-08-25T07:53:24","slug":"verabschiedung-der-viertklaesslerinnen","status":"publish","type":"post","link":"https:\/\/wordpress.nibis.de\/gsseelze\/verabschiedung-der-viertklaesslerinnen\/","title":{"rendered":"Verabschiedung der Viertkl\u00e4ssler:innen"},"content":{"rendered":"\n<p>Am 02.07.2025 kamen unsere Viertkl\u00e4ssler:innen im Rahmen eines sehr stimmungsvollen Abschlussgottesdienstes sowie einer parallel verlaufenden Werte und Normen-Feier zusammen. <\/p>\n\n\n\n<p>Im \u00f6kumenischen Abschlussgottesdienst dankten die Kinder f\u00fcr die Grundschulzeit und erbaten Gottes Segen f\u00fcr den kommenden neuen Lebensabschnitt.<\/p>\n\n\n\n<p>Die Werte und Normen-Kinder blickten ebenfalls noch einmal auf die vergangenen vier Jahre an der Regenbogenschule zur\u00fcck und brachten dies mit eigenen Beitr\u00e4gen zum Ausdruck. Anschlie\u00dfend gab es die eine oder andere &#8222;warme Dusche&#8220;. Schwungvoll verabschiedeten sich diese von Mitsch\u00fcler:innen und Lehrkr\u00e4ften.<\/p>\n\n\n\n<figure class=\"wp-block-image size-large\"><img loading=\"lazy\" decoding=\"async\" width=\"1200\" height=\"675\" src=\"https:\/\/wordpress.nibis.de\/gsseelze\/files\/2025\/07\/IMG_8795-1200x675.jpeg\" alt=\"\" class=\"wp-image-615\" srcset=\"https:\/\/wordpress.nibis.de\/gsseelze\/files\/2025\/07\/IMG_8795-1200x675.jpeg 1200w, https:\/\/wordpress.nibis.de\/gsseelze\/files\/2025\/07\/IMG_8795-850x478.jpeg 850w, https:\/\/wordpress.nibis.de\/gsseelze\/files\/2025\/07\/IMG_8795-250x141.jpeg 250w\" sizes=\"auto, (max-width: 1200px) 100vw, 1200px\" \/><\/figure>\n\n\n\n<figure class=\"wp-block-image size-large\"><img loading=\"lazy\" decoding=\"async\" width=\"1200\" height=\"675\" src=\"https:\/\/wordpress.nibis.de\/gsseelze\/files\/2025\/08\/Abschlussgottesdienst-1200x675.jpg\" alt=\"\" class=\"wp-image-624\" srcset=\"https:\/\/wordpress.nibis.de\/gsseelze\/files\/2025\/08\/Abschlussgottesdienst-1200x675.jpg 1200w, https:\/\/wordpress.nibis.de\/gsseelze\/files\/2025\/08\/Abschlussgottesdienst-850x478.jpg 850w, https:\/\/wordpress.nibis.de\/gsseelze\/files\/2025\/08\/Abschlussgottesdienst-250x141.jpg 250w\" sizes=\"auto, (max-width: 1200px) 100vw, 1200px\" \/><\/figure>\n\n\n\n<p>F\u00fcr den neuen Lebensabschnitt auf den weiterf\u00fchrenden Schulen w\u00fcnschen wir euch Gottes Segen und  alles Gute!<\/p>\n","protected":false},"excerpt":{"rendered":"<p>Am 02.07.2025 kamen unsere Viertkl\u00e4ssler:innen im Rahmen eines sehr stimmungsvollen Abschlussgottesdienstes sowie einer parallel verlaufenden Werte und Normen-Feier zusammen. Im \u00f6kumenischen Abschlussgottesdienst dankten die Kinder f\u00fcr die Grundschulzeit und erbaten Gottes Segen f\u00fcr den kommenden neuen Lebensabschnitt. Die Werte und Normen-Kinder blickten ebenfalls noch einmal auf die vergangenen vier Jahre an der Regenbogenschule zur\u00fcck und [&hellip;]<\/p>\n","protected":false},"author":9194316,"featured_media":0,"comment_status":"closed","ping_status":"closed","sticky":false,"template":"","format":"standard","meta":{"footnotes":""},"categories":[1],"tags":[],"class_list":["post-612","post","type-post","status-publish","format-standard","hentry","category-allgemein"],"_links":{"self":[{"href":"https:\/\/wordpress.nibis.de\/gsseelze\/wp-json\/wp\/v2\/posts\/612","targetHints":{"allow":["GET"]}}],"collection":[{"href":"https:\/\/wordpress.nibis.de\/gsseelze\/wp-json\/wp\/v2\/posts"}],"about":[{"href":"https:\/\/wordpress.nibis.de\/gsseelze\/wp-json\/wp\/v2\/types\/post"}],"author":[{"embeddable":true,"href":"https:\/\/wordpress.nibis.de\/gsseelze\/wp-json\/wp\/v2\/users\/9194316"}],"replies":[{"embeddable":true,"href":"https:\/\/wordpress.nibis.de\/gsseelze\/wp-json\/wp\/v2\/comments?post=612"}],"version-history":[{"count":3,"href":"https:\/\/wordpress.nibis.de\/gsseelze\/wp-json\/wp\/v2\/posts\/612\/revisions"}],"predecessor-version":[{"id":625,"href":"https:\/\/wordpress.nibis.de\/gsseelze\/wp-json\/wp\/v2\/posts\/612\/revisions\/625"}],"wp:attachment":[{"href":"https:\/\/wordpress.nibis.de\/gsseelze\/wp-json\/wp\/v2\/media?parent=612"}],"wp:term":[{"taxonomy":"category","embeddable":true,"href":"https:\/\/wordpress.nibis.de\/gsseelze\/wp-json\/wp\/v2\/categories?post=612"},{"taxonomy":"post_tag","embeddable":true,"href":"https:\/\/wordpress.nibis.de\/gsseelze\/wp-json\/wp\/v2\/tags?post=612"}],"curies":[{"name":"wp","href":"https:\/\/api.w.org\/{rel}","templated":true}]}}