{"id":631,"date":"2025-09-21T17:20:06","date_gmt":"2025-09-21T15:20:06","guid":{"rendered":"https:\/\/wordpress.nibis.de\/gsseelze\/?p=631"},"modified":"2025-09-21T17:20:06","modified_gmt":"2025-09-21T15:20:06","slug":"projektwoche-mit-dem-zirkus-rasch","status":"publish","type":"post","link":"https:\/\/wordpress.nibis.de\/gsseelze\/projektwoche-mit-dem-zirkus-rasch\/","title":{"rendered":"Projektwoche mit dem Zirkus Rasch"},"content":{"rendered":"\n<p>Vom 1. September bis zum 5. September 2025 war die Familie Rasch mit ihrem Mitmachzirkus bei uns in der Regenbogenschule wieder einmal zu Gast. Diese Zirkusprojektwochen haben in unserer Schule schon eine lange Tradition.<br>Diesmal tauchten unsere 21 Klassen der Jahrg\u00e4nge 2 &#8211; 4 in die bunte Zirkuswelt ein. <br>Von Montag bis Freitag war jeden Abend eine glamour\u00f6se Vorstellung. <br>Hier konnten die Sch\u00fclerinnen und Sch\u00fcler ihre einge\u00fcbten Vorstellungen dem Publikum pr\u00e4sentieren. <br>Viele Talente wurden sichtbar. Die Zuschauer kamen aus dem Staunen gar nicht mehr heraus!!!<br>Applaus, applaus und vielen Dank der Familie Rasch f\u00fcr die hervorragende Organisation der Projektwoche.<br>In drei Jahren hei\u00dft es wieder: &#8222;Hereinspaziert&#8220;!<br><\/p>\n\n\n\n<figure class=\"wp-block-image size-large\"><img loading=\"lazy\" decoding=\"async\" width=\"1200\" height=\"675\" src=\"https:\/\/wordpress.nibis.de\/gsseelze\/files\/2025\/09\/Zirkusbild-4-1200x675.jpg\" alt=\"\" class=\"wp-image-634\" srcset=\"https:\/\/wordpress.nibis.de\/gsseelze\/files\/2025\/09\/Zirkusbild-4-1200x675.jpg 1200w, https:\/\/wordpress.nibis.de\/gsseelze\/files\/2025\/09\/Zirkusbild-4-850x478.jpg 850w, https:\/\/wordpress.nibis.de\/gsseelze\/files\/2025\/09\/Zirkusbild-4-250x141.jpg 250w\" sizes=\"auto, (max-width: 1200px) 100vw, 1200px\" \/><\/figure>\n\n\n\n<figure class=\"wp-block-image size-large\"><img loading=\"lazy\" decoding=\"async\" width=\"1200\" height=\"675\" src=\"https:\/\/wordpress.nibis.de\/gsseelze\/files\/2025\/09\/Zirkusbild-6-1200x675.jpg\" alt=\"\" class=\"wp-image-635\" srcset=\"https:\/\/wordpress.nibis.de\/gsseelze\/files\/2025\/09\/Zirkusbild-6-1200x675.jpg 1200w, https:\/\/wordpress.nibis.de\/gsseelze\/files\/2025\/09\/Zirkusbild-6-850x478.jpg 850w, https:\/\/wordpress.nibis.de\/gsseelze\/files\/2025\/09\/Zirkusbild-6-250x141.jpg 250w\" sizes=\"auto, (max-width: 1200px) 100vw, 1200px\" \/><\/figure>\n\n\n\n<figure class=\"wp-block-image size-large\"><img loading=\"lazy\" decoding=\"async\" width=\"1200\" height=\"675\" src=\"https:\/\/wordpress.nibis.de\/gsseelze\/files\/2025\/09\/Zirkusbild-2-1200x675.jpg\" alt=\"\" class=\"wp-image-637\" srcset=\"https:\/\/wordpress.nibis.de\/gsseelze\/files\/2025\/09\/Zirkusbild-2-1200x675.jpg 1200w, https:\/\/wordpress.nibis.de\/gsseelze\/files\/2025\/09\/Zirkusbild-2-850x478.jpg 850w, https:\/\/wordpress.nibis.de\/gsseelze\/files\/2025\/09\/Zirkusbild-2-250x141.jpg 250w\" sizes=\"auto, (max-width: 1200px) 100vw, 1200px\" \/><\/figure>\n\n\n\n<figure class=\"wp-block-image size-large\"><img loading=\"lazy\" decoding=\"async\" width=\"1200\" height=\"675\" src=\"https:\/\/wordpress.nibis.de\/gsseelze\/files\/2025\/09\/Zirkusbild-3-1200x675.jpg\" alt=\"\" class=\"wp-image-640\" srcset=\"https:\/\/wordpress.nibis.de\/gsseelze\/files\/2025\/09\/Zirkusbild-3-1200x675.jpg 1200w, https:\/\/wordpress.nibis.de\/gsseelze\/files\/2025\/09\/Zirkusbild-3-850x478.jpg 850w, https:\/\/wordpress.nibis.de\/gsseelze\/files\/2025\/09\/Zirkusbild-3-250x141.jpg 250w\" sizes=\"auto, (max-width: 1200px) 100vw, 1200px\" \/><\/figure>\n","protected":false},"excerpt":{"rendered":"<p>Vom 1. September bis zum 5. September 2025 war die Familie Rasch mit ihrem Mitmachzirkus bei uns in der Regenbogenschule wieder einmal zu Gast. Diese Zirkusprojektwochen haben in unserer Schule schon eine lange Tradition.Diesmal tauchten unsere 21 Klassen der Jahrg\u00e4nge 2 &#8211; 4 in die bunte Zirkuswelt ein. Von Montag bis Freitag war jeden Abend [&hellip;]<\/p>\n","protected":false},"author":9194316,"featured_media":0,"comment_status":"closed","ping_status":"closed","sticky":false,"template":"","format":"standard","meta":{"footnotes":""},"categories":[1],"tags":[],"class_list":["post-631","post","type-post","status-publish","format-standard","hentry","category-allgemein"],"_links":{"self":[{"href":"https:\/\/wordpress.nibis.de\/gsseelze\/wp-json\/wp\/v2\/posts\/631","targetHints":{"allow":["GET"]}}],"collection":[{"href":"https:\/\/wordpress.nibis.de\/gsseelze\/wp-json\/wp\/v2\/posts"}],"about":[{"href":"https:\/\/wordpress.nibis.de\/gsseelze\/wp-json\/wp\/v2\/types\/post"}],"author":[{"embeddable":true,"href":"https:\/\/wordpress.nibis.de\/gsseelze\/wp-json\/wp\/v2\/users\/9194316"}],"replies":[{"embeddable":true,"href":"https:\/\/wordpress.nibis.de\/gsseelze\/wp-json\/wp\/v2\/comments?post=631"}],"version-history":[{"count":3,"href":"https:\/\/wordpress.nibis.de\/gsseelze\/wp-json\/wp\/v2\/posts\/631\/revisions"}],"predecessor-version":[{"id":641,"href":"https:\/\/wordpress.nibis.de\/gsseelze\/wp-json\/wp\/v2\/posts\/631\/revisions\/641"}],"wp:attachment":[{"href":"https:\/\/wordpress.nibis.de\/gsseelze\/wp-json\/wp\/v2\/media?parent=631"}],"wp:term":[{"taxonomy":"category","embeddable":true,"href":"https:\/\/wordpress.nibis.de\/gsseelze\/wp-json\/wp\/v2\/categories?post=631"},{"taxonomy":"post_tag","embeddable":true,"href":"https:\/\/wordpress.nibis.de\/gsseelze\/wp-json\/wp\/v2\/tags?post=631"}],"curies":[{"name":"wp","href":"https:\/\/api.w.org\/{rel}","templated":true}]}}