{"id":648,"date":"2025-09-25T14:48:22","date_gmt":"2025-09-25T12:48:22","guid":{"rendered":"https:\/\/wordpress.nibis.de\/gsseelze\/?p=648"},"modified":"2025-09-25T14:48:22","modified_gmt":"2025-09-25T12:48:22","slug":"weltkindertag-am-22-09-2025","status":"publish","type":"post","link":"https:\/\/wordpress.nibis.de\/gsseelze\/weltkindertag-am-22-09-2025\/","title":{"rendered":"Weltkindertag am 22.09.2025"},"content":{"rendered":"\n<p>Am 22.09.2025 feierte die Regenbogenschule vor dem Rathausplatz den Weltkindertag unter dem Motto <strong>&#8222;Kinderrechte &#8211; Bausteine f\u00fcr Demokratie&#8220;<\/strong>. Auch in diesem Jahr waren Gruppen aus den Grundschulen in Letter und Lohnde dabei. Zahlreiche Reden wurden vorbereitet und teilweise frei von Sch\u00fcler:innen gehalten. Ihre Forderungen nach mehr politischer Beteiligung erhielten gro\u00dfen Applaus. Auch der B\u00fcrgermeister der Stadt Seelze, Herr Masthoff, sprach sich daf\u00fcr aus, dass die Kinderrechte mehr Ber\u00fccksichtigung im Grundgesetz finden sollten. <\/p>\n\n\n\n<figure class=\"wp-block-gallery has-nested-images columns-default is-cropped wp-block-gallery-1 is-layout-flex wp-block-gallery-is-layout-flex\">\n<figure class=\"wp-block-image size-large\"><img loading=\"lazy\" decoding=\"async\" width=\"2560\" height=\"1920\" data-id=\"646\" src=\"https:\/\/wordpress.nibis.de\/gsseelze\/files\/2025\/09\/IMG_20250922_105902964_HDR-scaled.jpg\" alt=\"\" class=\"wp-image-646\" srcset=\"https:\/\/wordpress.nibis.de\/gsseelze\/files\/2025\/09\/IMG_20250922_105902964_HDR-scaled.jpg 2560w, https:\/\/wordpress.nibis.de\/gsseelze\/files\/2025\/09\/IMG_20250922_105902964_HDR-768x576.jpg 768w, https:\/\/wordpress.nibis.de\/gsseelze\/files\/2025\/09\/IMG_20250922_105902964_HDR-1536x1152.jpg 1536w, https:\/\/wordpress.nibis.de\/gsseelze\/files\/2025\/09\/IMG_20250922_105902964_HDR-2048x1536.jpg 2048w\" sizes=\"auto, (max-width: 2560px) 100vw, 2560px\" \/><\/figure>\n\n\n\n<figure class=\"wp-block-image size-large\"><img loading=\"lazy\" decoding=\"async\" width=\"2560\" height=\"1920\" data-id=\"644\" src=\"https:\/\/wordpress.nibis.de\/gsseelze\/files\/2025\/09\/IMG_20250922_101054741_HDR-scaled.jpg\" alt=\"\" class=\"wp-image-644\" srcset=\"https:\/\/wordpress.nibis.de\/gsseelze\/files\/2025\/09\/IMG_20250922_101054741_HDR-scaled.jpg 2560w, https:\/\/wordpress.nibis.de\/gsseelze\/files\/2025\/09\/IMG_20250922_101054741_HDR-768x576.jpg 768w, https:\/\/wordpress.nibis.de\/gsseelze\/files\/2025\/09\/IMG_20250922_101054741_HDR-1536x1152.jpg 1536w, https:\/\/wordpress.nibis.de\/gsseelze\/files\/2025\/09\/IMG_20250922_101054741_HDR-2048x1536.jpg 2048w\" sizes=\"auto, (max-width: 2560px) 100vw, 2560px\" \/><\/figure>\n\n\n\n<figure class=\"wp-block-image size-large\"><img loading=\"lazy\" decoding=\"async\" width=\"2560\" height=\"1920\" data-id=\"645\" src=\"https:\/\/wordpress.nibis.de\/gsseelze\/files\/2025\/09\/IMG_20250922_101614232_HDR-scaled.jpg\" alt=\"\" class=\"wp-image-645\" srcset=\"https:\/\/wordpress.nibis.de\/gsseelze\/files\/2025\/09\/IMG_20250922_101614232_HDR-scaled.jpg 2560w, https:\/\/wordpress.nibis.de\/gsseelze\/files\/2025\/09\/IMG_20250922_101614232_HDR-768x576.jpg 768w, https:\/\/wordpress.nibis.de\/gsseelze\/files\/2025\/09\/IMG_20250922_101614232_HDR-1536x1152.jpg 1536w, https:\/\/wordpress.nibis.de\/gsseelze\/files\/2025\/09\/IMG_20250922_101614232_HDR-2048x1536.jpg 2048w\" sizes=\"auto, (max-width: 2560px) 100vw, 2560px\" \/><\/figure>\n\n\n\n<figure class=\"wp-block-image size-large\"><img loading=\"lazy\" decoding=\"async\" width=\"2560\" height=\"1120\" data-id=\"647\" src=\"https:\/\/wordpress.nibis.de\/gsseelze\/files\/2025\/09\/IMG_20250922_110403958_HDR-scaled-e1758638984525.jpg\" alt=\"\" class=\"wp-image-647\" srcset=\"https:\/\/wordpress.nibis.de\/gsseelze\/files\/2025\/09\/IMG_20250922_110403958_HDR-scaled-e1758638984525.jpg 2560w, https:\/\/wordpress.nibis.de\/gsseelze\/files\/2025\/09\/IMG_20250922_110403958_HDR-scaled-e1758638984525-768x336.jpg 768w, https:\/\/wordpress.nibis.de\/gsseelze\/files\/2025\/09\/IMG_20250922_110403958_HDR-scaled-e1758638984525-1536x672.jpg 1536w, https:\/\/wordpress.nibis.de\/gsseelze\/files\/2025\/09\/IMG_20250922_110403958_HDR-scaled-e1758638984525-2048x896.jpg 2048w\" sizes=\"auto, (max-width: 2560px) 100vw, 2560px\" \/><\/figure>\n<\/figure>\n\n\n\n<p>Vielen Dank an alle Beteiligten f\u00fcr die Vorbereitung und Durchf\u00fchrung der Veranstaltung und den gemeinsamen Einsatz f\u00fcr die Umsetzung der Rechte von Kindern!<\/p>\n","protected":false},"excerpt":{"rendered":"<p>Am 22.09.2025 feierte die Regenbogenschule vor dem Rathausplatz den Weltkindertag unter dem Motto &#8222;Kinderrechte &#8211; Bausteine f\u00fcr Demokratie&#8220;. Auch in diesem Jahr waren Gruppen aus den Grundschulen in Letter und Lohnde dabei. Zahlreiche Reden wurden vorbereitet und teilweise frei von Sch\u00fcler:innen gehalten. Ihre Forderungen nach mehr politischer Beteiligung erhielten gro\u00dfen Applaus. Auch der B\u00fcrgermeister der [&hellip;]<\/p>\n","protected":false},"author":9194316,"featured_media":0,"comment_status":"closed","ping_status":"closed","sticky":false,"template":"","format":"standard","meta":{"footnotes":""},"categories":[1],"tags":[],"class_list":["post-648","post","type-post","status-publish","format-standard","hentry","category-allgemein"],"_links":{"self":[{"href":"https:\/\/wordpress.nibis.de\/gsseelze\/wp-json\/wp\/v2\/posts\/648","targetHints":{"allow":["GET"]}}],"collection":[{"href":"https:\/\/wordpress.nibis.de\/gsseelze\/wp-json\/wp\/v2\/posts"}],"about":[{"href":"https:\/\/wordpress.nibis.de\/gsseelze\/wp-json\/wp\/v2\/types\/post"}],"author":[{"embeddable":true,"href":"https:\/\/wordpress.nibis.de\/gsseelze\/wp-json\/wp\/v2\/users\/9194316"}],"replies":[{"embeddable":true,"href":"https:\/\/wordpress.nibis.de\/gsseelze\/wp-json\/wp\/v2\/comments?post=648"}],"version-history":[{"count":3,"href":"https:\/\/wordpress.nibis.de\/gsseelze\/wp-json\/wp\/v2\/posts\/648\/revisions"}],"predecessor-version":[{"id":651,"href":"https:\/\/wordpress.nibis.de\/gsseelze\/wp-json\/wp\/v2\/posts\/648\/revisions\/651"}],"wp:attachment":[{"href":"https:\/\/wordpress.nibis.de\/gsseelze\/wp-json\/wp\/v2\/media?parent=648"}],"wp:term":[{"taxonomy":"category","embeddable":true,"href":"https:\/\/wordpress.nibis.de\/gsseelze\/wp-json\/wp\/v2\/categories?post=648"},{"taxonomy":"post_tag","embeddable":true,"href":"https:\/\/wordpress.nibis.de\/gsseelze\/wp-json\/wp\/v2\/tags?post=648"}],"curies":[{"name":"wp","href":"https:\/\/api.w.org\/{rel}","templated":true}]}}