{"id":10141,"date":"2026-08-28T15:15:00","date_gmt":"2026-08-28T13:15:00","guid":{"rendered":"https:\/\/wordpress.nibis.de\/gssuederberg\/?p=10141"},"modified":"2026-08-28T17:57:33","modified_gmt":"2026-08-28T15:57:33","slug":"677-apfelsaftkanister-gemostet","status":"publish","type":"post","link":"https:\/\/wordpress.nibis.de\/gssuederberg\/677-apfelsaftkanister-gemostet\/","title":{"rendered":"Apfelsaftaktion 2026"},"content":{"rendered":"\n<p>Am 22. September schw\u00e4rmen die Kinder der 3. und 4. Klassen wieder f\u00fcr zwei Stunden des Schulvormittags aus, um \u00c4pfel f\u00fcr unseren leckeren Apfelsaft zu sammeln. Am 24. September werden wir die \u00c4pfel, die wir mit Eltern, Kindern und Lehrern auf den Wiesen in Hilter und rundherum sammeln, auf dem Schulhof vermosten.Daf\u00fcr kommt ein mobiler Moster, der gemeinsam mit allen Kindern der Schule leckeren Apfelsaft herstellt und in 5l-Schl\u00e4uche f\u00fcllt.<\/p>\n<p>Im letzten Jahr konnten wir insgesamt 677 Kanister Apfelsaft produzieren, das entspricht einem Apfelgewicht von ca. 5 Tonnen. Wer in diesem Jahr noch Apfelb\u00e4ume anbieten m\u00f6chte, nehme bitte Kontakt zur Schule auf:<\/p>\n<p>05424-235007\u00a0 oder\u00a0 &#105;&#x6e;f&#111;&#x40;s&#x75;&#x65;&#100;&#x65;r&#98;&#x65;r&#103;&#x73;&#99;&#x68;u&#108;&#x65;&#46;&#110;&#x65;&#116;<\/p>\n<p><a href=\"https:\/\/wordpress.nibis.de\/gssuederberg\/files\/apfelmoster_grue25_2.jpg\"><img loading=\"lazy\" decoding=\"async\" class=\"alignnone  wp-image-10131\" src=\"https:\/\/wordpress.nibis.de\/gssuederberg\/files\/apfelmoster_grue25_2-300x225.jpg\" alt=\"\" width=\"195\" height=\"146\" srcset=\"https:\/\/wordpress.nibis.de\/gssuederberg\/files\/apfelmoster_grue25_2-300x225.jpg 300w, https:\/\/wordpress.nibis.de\/gssuederberg\/files\/apfelmoster_grue25_2.jpg 700w\" sizes=\"auto, (max-width: 195px) 100vw, 195px\" \/><\/a> \u00a0<a href=\"https:\/\/wordpress.nibis.de\/gssuederberg\/files\/apfelmoster_grue25_1.jpg\"><img loading=\"lazy\" decoding=\"async\" class=\"alignnone  wp-image-10130\" src=\"https:\/\/wordpress.nibis.de\/gssuederberg\/files\/apfelmoster_grue25_1-300x200.jpg\" alt=\"\" width=\"220\" height=\"146\" srcset=\"https:\/\/wordpress.nibis.de\/gssuederberg\/files\/apfelmoster_grue25_1-300x200.jpg 300w, https:\/\/wordpress.nibis.de\/gssuederberg\/files\/apfelmoster_grue25_1.jpg 700w\" sizes=\"auto, (max-width: 220px) 100vw, 220px\" \/><\/a><\/p>\n<p><strong>Der F\u00f6rderverein der S\u00fcderbergschule verkauft die Apfelsaftkanisterim Anschluss. <\/strong>Der Erl\u00f6s der Aktion kommt allen Kindern der Schule zugute. Der <a href=\"http:\/\/wordpress.nibis.de\/gssuederberg\/foerderverein\/\">F\u00f6rderverein<\/a> finanziert mit dem Geld das Zirkusprojekt 2027 f\u00fcr die Klassen der S\u00fcderbergschule.\u00a0<\/p>\n","protected":false},"excerpt":{"rendered":"","protected":false},"author":292,"featured_media":0,"comment_status":"closed","ping_status":"closed","sticky":false,"template":"","format":"standard","meta":{"footnotes":"","_members_access_role":[],"_members_access_error":""},"categories":[1],"tags":[],"class_list":["post-10141","post","type-post","status-publish","format-standard","hentry","category-allgemein"],"_links":{"self":[{"href":"https:\/\/wordpress.nibis.de\/gssuederberg\/wp-json\/wp\/v2\/posts\/10141","targetHints":{"allow":["GET"]}}],"collection":[{"href":"https:\/\/wordpress.nibis.de\/gssuederberg\/wp-json\/wp\/v2\/posts"}],"about":[{"href":"https:\/\/wordpress.nibis.de\/gssuederberg\/wp-json\/wp\/v2\/types\/post"}],"author":[{"embeddable":true,"href":"https:\/\/wordpress.nibis.de\/gssuederberg\/wp-json\/wp\/v2\/users\/292"}],"replies":[{"embeddable":true,"href":"https:\/\/wordpress.nibis.de\/gssuederberg\/wp-json\/wp\/v2\/comments?post=10141"}],"version-history":[{"count":11,"href":"https:\/\/wordpress.nibis.de\/gssuederberg\/wp-json\/wp\/v2\/posts\/10141\/revisions"}],"predecessor-version":[{"id":11250,"href":"https:\/\/wordpress.nibis.de\/gssuederberg\/wp-json\/wp\/v2\/posts\/10141\/revisions\/11250"}],"wp:attachment":[{"href":"https:\/\/wordpress.nibis.de\/gssuederberg\/wp-json\/wp\/v2\/media?parent=10141"}],"wp:term":[{"taxonomy":"category","embeddable":true,"href":"https:\/\/wordpress.nibis.de\/gssuederberg\/wp-json\/wp\/v2\/categories?post=10141"},{"taxonomy":"post_tag","embeddable":true,"href":"https:\/\/wordpress.nibis.de\/gssuederberg\/wp-json\/wp\/v2\/tags?post=10141"}],"curies":[{"name":"wp","href":"https:\/\/api.w.org\/{rel}","templated":true}]}}