{"id":7538,"date":"2022-05-10T16:48:01","date_gmt":"2022-05-10T14:48:01","guid":{"rendered":"https:\/\/wordpress.nibis.de\/gssuederberg\/?p=7538"},"modified":"2025-12-08T19:37:54","modified_gmt":"2025-12-08T18:37:54","slug":"kennenlernfest-des-foerderveins","status":"publish","type":"post","link":"https:\/\/wordpress.nibis.de\/gssuederberg\/kennenlernfest-des-foerderveins\/","title":{"rendered":"Kennenlernfest des F\u00f6rderveins"},"content":{"rendered":"\n<p>Endlich wieder ein Fest in der Schule! Am 7. Mai lud der F\u00f6rderverein der S\u00fcderbergschule alle zu einem tollen Kennenlernfest auf den Schulhof ein. F\u00fcr die Kinder war das Spielemobil der Gemeinde vor Ort und f\u00fcr das leibliche Wohl hatten die Eltern mit einer riesigen Kaffeetafel gesorgt. Auch die Zuckerwattemaschine hatte viel zu tun.<\/p>\n<p>\u00a0\u00a0<a href=\"https:\/\/wordpress.nibis.de\/gssuederberg\/files\/fruehlingsfest22_2.jpg\"><img loading=\"lazy\" decoding=\"async\" class=\"alignnone size-thumbnail wp-image-7534\" src=\"https:\/\/wordpress.nibis.de\/gssuederberg\/files\/fruehlingsfest22_2-150x150.jpg\" alt=\"\" width=\"150\" height=\"150\" \/><\/a>\u00a0 \u00a0 \u00a0<a href=\"https:\/\/wordpress.nibis.de\/gssuederberg\/files\/schulpulli22.jpg\"><img loading=\"lazy\" decoding=\"async\" class=\"alignnone size-thumbnail wp-image-7539\" src=\"https:\/\/wordpress.nibis.de\/gssuederberg\/files\/schulpulli22-150x150.jpg\" alt=\"\" width=\"150\" height=\"150\" \/> Die Schulpullis<\/a><\/p>\n<p>Alle G\u00e4ste genossen das zwanglose Miteinander in entspannter Atmosph\u00e4re. Der Erl\u00f6s der Cafeteria ist f\u00fcr die Finanzierung des Zirkusprojekts im Jahr 2023 bestimmt. <a href=\"https:\/\/wordpress.nibis.de\/gssuederberg\/files\/schulpulli22.jpg\">Die neuen Schul-Hoodies und T-Shirts<\/a> mit gesticktem Schullogo k\u00f6nnen ab sofort beim F\u00f6rderverein bestellt werden.<\/p>\n","protected":false},"excerpt":{"rendered":"<p>Endlich wieder ein Fest in der Schule! Am 7. Mai lud der F\u00f6rderverein der S\u00fcderbergschule alle zu einem tollen Kennenlernfest auf den Schulhof ein. F\u00fcr die Kinder war das Spielemobil der Gemeinde vor Ort und f\u00fcr das leibliche Wohl hatten &hellip; <a href=\"https:\/\/wordpress.nibis.de\/gssuederberg\/kennenlernfest-des-foerderveins\/\">Weiterlesen <span class=\"meta-nav\">&rarr;<\/span><\/a><\/p>\n","protected":false},"author":292,"featured_media":0,"comment_status":"closed","ping_status":"closed","sticky":false,"template":"","format":"standard","meta":{"footnotes":""},"categories":[1,64],"tags":[],"class_list":["post-7538","post","type-post","status-publish","format-standard","hentry","category-allgemein","category-foerderverein"],"_links":{"self":[{"href":"https:\/\/wordpress.nibis.de\/gssuederberg\/wp-json\/wp\/v2\/posts\/7538","targetHints":{"allow":["GET"]}}],"collection":[{"href":"https:\/\/wordpress.nibis.de\/gssuederberg\/wp-json\/wp\/v2\/posts"}],"about":[{"href":"https:\/\/wordpress.nibis.de\/gssuederberg\/wp-json\/wp\/v2\/types\/post"}],"author":[{"embeddable":true,"href":"https:\/\/wordpress.nibis.de\/gssuederberg\/wp-json\/wp\/v2\/users\/292"}],"replies":[{"embeddable":true,"href":"https:\/\/wordpress.nibis.de\/gssuederberg\/wp-json\/wp\/v2\/comments?post=7538"}],"version-history":[{"count":6,"href":"https:\/\/wordpress.nibis.de\/gssuederberg\/wp-json\/wp\/v2\/posts\/7538\/revisions"}],"predecessor-version":[{"id":10305,"href":"https:\/\/wordpress.nibis.de\/gssuederberg\/wp-json\/wp\/v2\/posts\/7538\/revisions\/10305"}],"wp:attachment":[{"href":"https:\/\/wordpress.nibis.de\/gssuederberg\/wp-json\/wp\/v2\/media?parent=7538"}],"wp:term":[{"taxonomy":"category","embeddable":true,"href":"https:\/\/wordpress.nibis.de\/gssuederberg\/wp-json\/wp\/v2\/categories?post=7538"},{"taxonomy":"post_tag","embeddable":true,"href":"https:\/\/wordpress.nibis.de\/gssuederberg\/wp-json\/wp\/v2\/tags?post=7538"}],"curies":[{"name":"wp","href":"https:\/\/api.w.org\/{rel}","templated":true}]}}