{"id":939,"date":"2020-03-13T18:35:14","date_gmt":"2020-03-13T17:35:14","guid":{"rendered":"https:\/\/wordpress.nibis.de\/gsszthiede\/?p=939"},"modified":"2020-03-13T18:40:15","modified_gmt":"2020-03-13T17:40:15","slug":"informationen-zum-schulausfall","status":"publish","type":"post","link":"https:\/\/wordpress.nibis.de\/gsszthiede\/informationen-zum-schulausfall\/","title":{"rendered":"Informationen zum Schulausfall"},"content":{"rendered":"\n<p class=\"has-medium-font-size\"> Liebe Eltern, <\/p>\n\n\n\n<p class=\"has-medium-font-size\">wie Sie sicher bereits aus den Medien erfahren haben werden <strong>alle Schulen in Niedersachsen vom 16.03.2020 bis 18.04.2020 geschlossen<\/strong>, um die weitere Verbreitung des Corona-Virus zu verlangsamen. In diesem Zeitraum fallen alle schulischen Veranstaltungen aus. <\/p>\n\n\n\n<p class=\"has-medium-font-size\"><strong>Notbetreuung <\/strong><\/p>\n\n\n\n<p class=\"has-medium-font-size\">Bitte versuchen Sie alles, um Ihre Kinder privat betreuen zu lassen. F\u00fcr Kinder von Besch\u00e4ftigten aus den Bereichen Pflege, Gesundheit, Medizin und \u00f6ffentliche Sicherheit wie Polizei, Justiz, Rettungsdienste, Feuerwehr und Katastrophenschutz bieten wir eine Notbetreuung an. Wenn Sie zu dieser Personengruppe geh\u00f6ren und von der Notbetreuung Gebrauch machen m\u00fcssen, teilen Sie mir das bitte per eMail m\u00f6glichst bis Sonntag 18 Uhr mit. Aus der eMail muss auch hervorgehen, an welchen konkreten Tagen (mit Datum) in welchem Zeitfenster (maximal 8 bis 13 Uhr) die Betreuung f\u00fcr Ihr Kind ben\u00f6tigt wird. Eine entsprechende Bescheinigung Ihres Arbeitgebers k\u00f6nnen Sie dann bis Dienstag nachreichen. W\u00e4hrend der regul\u00e4ren Osterferien (30.03. bis 14.04.2020) findet keine Betreuung statt. <\/p>\n\n\n\n<p class=\"has-medium-font-size\">Weitere Infos finden Sie auf der Internetseite der Landesschulbeh\u00f6rde und des Kultusministeriums. <\/p>\n\n\n\n<p class=\"has-medium-font-size\">Mit freundlichen Gr\u00fc\u00dfen <\/p>\n\n\n\n<p class=\"has-medium-font-size\"><em>J. Rummert <\/em><\/p>\n\n\n\n<p class=\"has-small-font-size\">Schulleiter <\/p>\n","protected":false},"excerpt":{"rendered":"<p>Liebe Eltern, wie Sie sicher bereits aus den Medien erfahren haben werden alle Schulen in Niedersachsen vom 16.03.2020 bis 18.04.2020 geschlossen, um die weitere Verbreitung des Corona-Virus zu verlangsamen. In diesem Zeitraum fallen alle schulischen Veranstaltungen aus. Notbetreuung Bitte versuchen Sie alles, um Ihre Kinder privat betreuen zu lassen. F\u00fcr Kinder von Besch\u00e4ftigten aus den &hellip; <a href=\"https:\/\/wordpress.nibis.de\/gsszthiede\/informationen-zum-schulausfall\/\" class=\"more-link\"><span class=\"screen-reader-text\">Informationen zum Schulausfall<\/span> weiterlesen <span class=\"meta-nav\">&rarr;<\/span><\/a><\/p>\n","protected":false},"author":9192581,"featured_media":0,"comment_status":"closed","ping_status":"closed","sticky":false,"template":"","format":"standard","meta":{"footnotes":""},"categories":[1],"tags":[],"class_list":["post-939","post","type-post","status-publish","format-standard","hentry","category-allgemein"],"_links":{"self":[{"href":"https:\/\/wordpress.nibis.de\/gsszthiede\/wp-json\/wp\/v2\/posts\/939","targetHints":{"allow":["GET"]}}],"collection":[{"href":"https:\/\/wordpress.nibis.de\/gsszthiede\/wp-json\/wp\/v2\/posts"}],"about":[{"href":"https:\/\/wordpress.nibis.de\/gsszthiede\/wp-json\/wp\/v2\/types\/post"}],"author":[{"embeddable":true,"href":"https:\/\/wordpress.nibis.de\/gsszthiede\/wp-json\/wp\/v2\/users\/9192581"}],"replies":[{"embeddable":true,"href":"https:\/\/wordpress.nibis.de\/gsszthiede\/wp-json\/wp\/v2\/comments?post=939"}],"version-history":[{"count":3,"href":"https:\/\/wordpress.nibis.de\/gsszthiede\/wp-json\/wp\/v2\/posts\/939\/revisions"}],"predecessor-version":[{"id":942,"href":"https:\/\/wordpress.nibis.de\/gsszthiede\/wp-json\/wp\/v2\/posts\/939\/revisions\/942"}],"wp:attachment":[{"href":"https:\/\/wordpress.nibis.de\/gsszthiede\/wp-json\/wp\/v2\/media?parent=939"}],"wp:term":[{"taxonomy":"category","embeddable":true,"href":"https:\/\/wordpress.nibis.de\/gsszthiede\/wp-json\/wp\/v2\/categories?post=939"},{"taxonomy":"post_tag","embeddable":true,"href":"https:\/\/wordpress.nibis.de\/gsszthiede\/wp-json\/wp\/v2\/tags?post=939"}],"curies":[{"name":"wp","href":"https:\/\/api.w.org\/{rel}","templated":true}]}}