{"id":944,"date":"2020-03-25T09:25:28","date_gmt":"2020-03-25T08:25:28","guid":{"rendered":"https:\/\/wordpress.nibis.de\/gsszthiede\/?p=944"},"modified":"2020-03-25T09:25:28","modified_gmt":"2020-03-25T08:25:28","slug":"notbetreuung-auch-in-den-osterferien","status":"publish","type":"post","link":"https:\/\/wordpress.nibis.de\/gsszthiede\/notbetreuung-auch-in-den-osterferien\/","title":{"rendered":"Notbetreuung auch in den Osterferien"},"content":{"rendered":"\n<p>\n\nLiebe Eltern,<\/p>\n\n\n\n<p>Unsere Notbetreuung f\u00fcr Kinder von Besch\u00e4ftigten im Gesundheitsbereich, medizinischen Bereich, pflegerischen Bereich, zur Aufrechterhaltung der Staats- und Regierungsfunktionen, im Bereich der Polizei, Rettungsdienst, Katastrophenschutz, Feuerwehr, im Vollzugsbereich einschlie\u00dflich Justizvollzug, Ma\u00dfregelvollzug und ver-gleichbaren Bereichen findet auch in den Osterferien statt. Wenn Sie davon Gebrauch machen m\u00fcssen, melden Sie Ihr Kind bitte m\u00f6glichst fr\u00fchzeitig per eMail an (&#115;&#x63;&#104;&#x75;l&#x6c;e&#105;&#x74;&#117;&#x6e;g&#x5f;g&#115;&#x5f;&#116;&#x68;i&#x65;d&#101;&#x40;&#119;&#x65;b&#x2e;d&#101;). Telefonisch ist die Schule in den Ferien nicht erreichbar.<\/p>\n\n\n\n<p>Mit freundlichen Gr\u00fc\u00dfen<\/p>\n\n\n\n<p><em>Jan Rummert<\/em><br><\/p>\n\n\n\n<p><\/p>\n","protected":false},"excerpt":{"rendered":"<p>Liebe Eltern, Unsere Notbetreuung f\u00fcr Kinder von Besch\u00e4ftigten im Gesundheitsbereich, medizinischen Bereich, pflegerischen Bereich, zur Aufrechterhaltung der Staats- und Regierungsfunktionen, im Bereich der Polizei, Rettungsdienst, Katastrophenschutz, Feuerwehr, im Vollzugsbereich einschlie\u00dflich Justizvollzug, Ma\u00dfregelvollzug und ver-gleichbaren Bereichen findet auch in den Osterferien statt. Wenn Sie davon Gebrauch machen m\u00fcssen, melden Sie Ihr Kind bitte m\u00f6glichst fr\u00fchzeitig per &hellip; <a href=\"https:\/\/wordpress.nibis.de\/gsszthiede\/notbetreuung-auch-in-den-osterferien\/\" class=\"more-link\"><span class=\"screen-reader-text\">Notbetreuung auch in den Osterferien<\/span> weiterlesen <span class=\"meta-nav\">&rarr;<\/span><\/a><\/p>\n","protected":false},"author":9192581,"featured_media":0,"comment_status":"closed","ping_status":"closed","sticky":false,"template":"","format":"standard","meta":{"footnotes":""},"categories":[1],"tags":[],"class_list":["post-944","post","type-post","status-publish","format-standard","hentry","category-allgemein"],"_links":{"self":[{"href":"https:\/\/wordpress.nibis.de\/gsszthiede\/wp-json\/wp\/v2\/posts\/944","targetHints":{"allow":["GET"]}}],"collection":[{"href":"https:\/\/wordpress.nibis.de\/gsszthiede\/wp-json\/wp\/v2\/posts"}],"about":[{"href":"https:\/\/wordpress.nibis.de\/gsszthiede\/wp-json\/wp\/v2\/types\/post"}],"author":[{"embeddable":true,"href":"https:\/\/wordpress.nibis.de\/gsszthiede\/wp-json\/wp\/v2\/users\/9192581"}],"replies":[{"embeddable":true,"href":"https:\/\/wordpress.nibis.de\/gsszthiede\/wp-json\/wp\/v2\/comments?post=944"}],"version-history":[{"count":1,"href":"https:\/\/wordpress.nibis.de\/gsszthiede\/wp-json\/wp\/v2\/posts\/944\/revisions"}],"predecessor-version":[{"id":945,"href":"https:\/\/wordpress.nibis.de\/gsszthiede\/wp-json\/wp\/v2\/posts\/944\/revisions\/945"}],"wp:attachment":[{"href":"https:\/\/wordpress.nibis.de\/gsszthiede\/wp-json\/wp\/v2\/media?parent=944"}],"wp:term":[{"taxonomy":"category","embeddable":true,"href":"https:\/\/wordpress.nibis.de\/gsszthiede\/wp-json\/wp\/v2\/categories?post=944"},{"taxonomy":"post_tag","embeddable":true,"href":"https:\/\/wordpress.nibis.de\/gsszthiede\/wp-json\/wp\/v2\/tags?post=944"}],"curies":[{"name":"wp","href":"https:\/\/api.w.org\/{rel}","templated":true}]}}