{"id":1233,"date":"2020-11-08T16:20:07","date_gmt":"2020-11-08T15:20:07","guid":{"rendered":"https:\/\/wordpress.nibis.de\/gstostedt\/?p=1233"},"modified":"2020-11-12T12:08:02","modified_gmt":"2020-11-12T11:08:02","slug":"wechsel-in-szenario-b-wann-und-wie","status":"publish","type":"post","link":"https:\/\/wordpress.nibis.de\/gstostedt\/wechsel-in-szenario-b-wann-und-wie\/","title":{"rendered":"Wechsel in Szenario B &#8211; wann und wie?"},"content":{"rendered":"\n<figure class=\"wp-block-image size-large\"><img loading=\"lazy\" decoding=\"async\" width=\"640\" height=\"444\" src=\"https:\/\/wordpress.nibis.de\/gstostedt\/files\/2020\/11\/homework-2803933_640.jpg\" alt=\"\" class=\"wp-image-1234\" \/><\/figure>\n\n\n\n<p>F\u00fcr uns als Grundschule gelten andere Ma\u00dfnahmen, als in den weiterf\u00fchrenden Schulen. So m\u00fcssen wir bisher nur auf den G\u00e4ngen, in der Pausenhalle sowie und auf dem Weg zur Pause, eben \u00fcberall, wo 1,5 m nicht eingehalten werden k\u00f6nnen und sich dadurch Kohorten mischen, Masken tragen, nicht aber im Unterricht.<\/p>\n\n\n\n<p>Was sich aber von einem auf den anderen Tag \u00e4ndern kann, ist der Wechsel von Szenario A auf Szenario B f\u00fcr einen Zeitraum von 14 Tagen. Grundlage daf\u00fcr ist der Anstieg des 7-Tage-Inzidenzwert von mehr als 100 und eine durch das Gesundheitsamt angeordnete Infektionsschutzma\u00dfnahme f\u00fcr die Schule. F\u00fcr die Ermittlung des Inzidenzwertes ist nur die offizielle Seite<\/p>\n\n\n\n<p><a href=\"https:\/\/www.niedersachsen.de\/Coronavirus\/aktuelle_lage_in_niedersachsen\/\">https:\/\/www.niedersachsen.de\/Coronavirus\/aktuelle_lage_in_niedersachsen\/<\/a><\/p>\n\n\n\n<p>ma\u00dfgeblich. Sie wird t\u00e4glich um 9:00 aktualisiert. Sollten wir zu den Schulen geh\u00f6ren, f\u00fcr die zu dem 7-Tage-Inzidenzwert eine entsprechende Ma\u00dfnahme angeordnet wird, dann m\u00fcssen wir zum n\u00e4chsten Tag in Szenario B wechseln. Seien Sie versichert, soweit ich eine Information dazu erhalte, werde ich Sie umgehend benachrichtigen, damit Sie ebenfalls planen k\u00f6nnen. Szenario B ist Ihnen allen noch aus der Zeit des 1. Lockdowns bekannt. Ihr Kind ist dann der Gruppe A oder B zugeordnet (die Gruppeneinteilung bekommen Sie von den Klassenlehrerinnen) und kommt nur noch jede zweite Woche in die Schule. An den anderen Tagen wird Ihr Kind zu Hause seine Aufgaben erledigen m\u00fcssen. Die Aufgaben bekommt Ihr Kind von der Schule und sie sind verpflichtend. Ergebnisse werden zur Notenfindung herangezogen. Ebenfalls sind wir verpflichtet weiterhin Arbeiten, auf Grundlage dieser Aufgaben, zu schreiben.<\/p>\n\n\n\n<p>Der <strong>Ganztag<\/strong>, die <strong>Fr\u00fchbetreuung<\/strong> sowie das <strong>Mittagessen<\/strong> werden bei Szenario B <strong>nicht<\/strong> <strong>angeboten<\/strong> werden k\u00f6nnen. Eine <strong>Notbetreuung<\/strong> von 8.00 Uhr bis 13.00 Uhr wird parallel zum Unterricht f\u00fcr systemrelevante Berufsgruppen angeboten. Diese Notgruppen sollen wie gehabt sehr klein sein. Auch hier m\u00fcssen Sie wieder eine Bescheinigung vom Arbeitgeber vorlegen.<\/p>\n\n\n\n<p>Die Anmeldung erfolgt per Mail an&nbsp;&#x67;r&#x75;&#110;&#x64;&#x73;c&#x68;&#117;&#x6c;&#x65;&#46;&#x74;&#111;&#x73;&#x74;e&#x64;&#116;&#x40;&#x65;w&#x65;&#116;&#x65;&#x6c;&#46;&#x6e;&#101;&#x74;<\/p>\n\n\n\n<p>Bitte ber\u00fccksichtigen Sie, dass Ihre Anmeldung verbindlich ist. Eine Abmeldung im Krankheitsfall ist&nbsp;aus Personalplanungsgr\u00fcnden zwingend erforderlich.<\/p>\n\n\n\n<p>Kopieren Sie den folgenden Text in Ihre Mail:<\/p>\n\n\n\n<blockquote class=\"wp-block-quote is-layout-flow wp-block-quote-is-layout-flow\"><p>Ich ben\u00f6tige eine Notbetreuung f\u00fcr mein Kind (Name, Klasse).<\/p><p>Ich geh\u00f6re zu folgender Berufsgruppe: (Angabe des Arbeitgebers)<\/p><p>Ich versichere, dass keine andere Betreuungsm\u00f6glichkeit f\u00fcr mein Kind besteht.&nbsp; <\/p><p>Einen Nachweis (s. o.)&nbsp; f\u00fcge ich dieser E-Mail im Anhang bei.<\/p><p>Ich ben\u00f6tige die Notbetreuung zwingend an folgenden Tagen (an Feiertagen und Wochenenden findet keine Notbetreuung statt):<\/p><\/blockquote>\n\n\n\n<p>Geben Sie auch unbedingt Ihre Telefonnummern an. Sie m\u00fcssen f\u00fcr uns jederzeit erreichbar sein. &nbsp;<\/p>\n\n\n\n<p>Nach 14 Tagen, kehren wir dann voraussichtlich in den Regelbetrieb, also Szenario A zur\u00fcck, soweit es keine Verl\u00e4ngerung seitens des Gesundheitsamtes gibt. <\/p>\n\n\n\n<p>Kommen Sie gut durch diese besondere Zeit!<\/p>\n","protected":false},"excerpt":{"rendered":"<p>F\u00fcr uns als Grundschule gelten andere Ma\u00dfnahmen, als in den weiterf\u00fchrenden Schulen. So m\u00fcssen wir bisher nur auf den G\u00e4ngen, in der Pausenhalle sowie und auf dem Weg zur Pause, eben \u00fcberall, wo 1,5 m nicht eingehalten werden k\u00f6nnen und &hellip; <a href=\"https:\/\/wordpress.nibis.de\/gstostedt\/wechsel-in-szenario-b-wann-und-wie\/\">Weiterlesen <span class=\"meta-nav\">&rarr;<\/span><\/a><\/p>\n","protected":false},"author":9192536,"featured_media":0,"comment_status":"closed","ping_status":"closed","sticky":false,"template":"","format":"standard","meta":{"footnotes":""},"categories":[1],"tags":[],"class_list":["post-1233","post","type-post","status-publish","format-standard","hentry","category-allgemein"],"_links":{"self":[{"href":"https:\/\/wordpress.nibis.de\/gstostedt\/wp-json\/wp\/v2\/posts\/1233","targetHints":{"allow":["GET"]}}],"collection":[{"href":"https:\/\/wordpress.nibis.de\/gstostedt\/wp-json\/wp\/v2\/posts"}],"about":[{"href":"https:\/\/wordpress.nibis.de\/gstostedt\/wp-json\/wp\/v2\/types\/post"}],"author":[{"embeddable":true,"href":"https:\/\/wordpress.nibis.de\/gstostedt\/wp-json\/wp\/v2\/users\/9192536"}],"replies":[{"embeddable":true,"href":"https:\/\/wordpress.nibis.de\/gstostedt\/wp-json\/wp\/v2\/comments?post=1233"}],"version-history":[{"count":3,"href":"https:\/\/wordpress.nibis.de\/gstostedt\/wp-json\/wp\/v2\/posts\/1233\/revisions"}],"predecessor-version":[{"id":1248,"href":"https:\/\/wordpress.nibis.de\/gstostedt\/wp-json\/wp\/v2\/posts\/1233\/revisions\/1248"}],"wp:attachment":[{"href":"https:\/\/wordpress.nibis.de\/gstostedt\/wp-json\/wp\/v2\/media?parent=1233"}],"wp:term":[{"taxonomy":"category","embeddable":true,"href":"https:\/\/wordpress.nibis.de\/gstostedt\/wp-json\/wp\/v2\/categories?post=1233"},{"taxonomy":"post_tag","embeddable":true,"href":"https:\/\/wordpress.nibis.de\/gstostedt\/wp-json\/wp\/v2\/tags?post=1233"}],"curies":[{"name":"wp","href":"https:\/\/api.w.org\/{rel}","templated":true}]}}