{"id":1257,"date":"2020-11-27T10:27:08","date_gmt":"2020-11-27T09:27:08","guid":{"rendered":"https:\/\/wordpress.nibis.de\/gstostedt\/?p=1257"},"modified":"2020-11-27T10:29:52","modified_gmt":"2020-11-27T09:29:52","slug":"brief-des-ministers-rund-um-die-weihnachtsferien","status":"publish","type":"post","link":"https:\/\/wordpress.nibis.de\/gstostedt\/brief-des-ministers-rund-um-die-weihnachtsferien\/","title":{"rendered":"Brief des Ministers &#8211; rund um die Weihnachtsferien"},"content":{"rendered":"\n<figure class=\"wp-block-image size-large\"><img decoding=\"async\" src=\"https:\/\/wordpress.nibis.de\/gstostedt\/files\/2020\/11\/girl-2931287_640.jpg\" alt=\"\" class=\"wp-image-1258\" \/><\/figure>\n\n\n\n<p>Sehr geehrte Eltern, sehr geehrte Erziehungsberechtigte,<\/p>\n\n\n\n<p>gestern haben die Ministerpr\u00e4sidentinnen und Ministerpr\u00e4sidenten mit der Bundeskanzlerin \u00fcber neue Regelungen f\u00fcr die Schulen gesprochen. Viele haben gespannt auf das Ergebnis gewartet. In Niedersachsen sind wir gut vorbereitet. Wir haben schon viele Dinge geregelt, die in anderen Bundesl\u00e4ndern jetzt erst geregelt werden m\u00fcssen. Nur in Niedersachsen gibt es schon klare Vorgaben zum Wechselmodell (Szenario A und B) und nur in Niedersachsen gibt es so weitgehende Regelungen zum Schutz der Risikogruppen.<\/p>\n\n\n\n<p>Die Lage in den Schulen war letzte Woche stabil. Es sind nicht mehr so viele Schulen von Quarant\u00e4ne, Szenario B oder Schlie\u00dfung betroffen. In Kitas und Grundschulen gibt es weniger F\u00e4lle als an weiterf\u00fchrenden Schulen. Wir arbeiten trotzdem an neuen Ma\u00dfnahmen f\u00fcr Landkreise mit besonders hohen Infektionszahlen (\u201eHotspots\u201c). Damit sind wir gut auf die weitere Entwicklung vorbereitet.<\/p>\n\n\n\n<p>Ab dem 01.12.2020 gilt f\u00fcr <strong>Schulen in \u201eHotspots\u201c <\/strong>(= Landkreise mit einem Inzidenzwert von <strong>\u00fcber 200<\/strong>):<\/p>\n\n\n\n<ul class=\"wp-block-list\"><li><strong>Im Unterricht wird eine Mund-Nase-Bedeckung (Maske) getragen.<\/strong><\/li><li>Dies gilt in allen Schulformen, auch in der Grundschule.<\/li><li>Dies gilt auch im Szenario B, hier kann die Maske aber am Sitzplatz abgenommen werden.<\/li><li>Es gibt Ausnahmen, z. B. f\u00fcr Sch\u00fclerinnen und Sch\u00fcler mit Unterst\u00fctzungs\u00adbedarf. Bitte fragen Sie in der Schule Ihres Kindes nach, wenn Sie unsicher sind, ob Ihr Kind eine Maske tragen muss.<\/li><li><strong>Weiterf\u00fchrende Schulen wechseln ab Jahrgang 7 automatisch ins Szenario B<\/strong><\/li><li>Dies gilt f\u00fcr mindestens 14 Tage.<\/li><li>Wenn der Wert mindestens drei Tage wieder unter 200 liegt, wird zur\u00fcck ins Szenario A gewechselt.<\/li><\/ul>\n\n\n\n<p>Im letzten Brief habe ich Ihnen geschrieben, dass wir weiter dar\u00fcber nachdenken, wie wir zu Weihnachten mehr Schutz vor Ansteckung erreichen k\u00f6nnen. Ich fand die Idee gut, fr\u00fcher in die Weihnachtsferien zu gehen. Leider haben Experten gesagt, dass zwei Tage allein nicht ausreichen, um den Schutz deutlich zu erh\u00f6hen. Es w\u00e4re nur ein kleiner Beitrag. Deshalb haben wir uns in Niedersachsen eine zus\u00e4tzliche Regelung \u00fcberlegt:<\/p>\n\n\n\n<ul class=\"wp-block-list\"><li>Am <strong>21. und 22. Dezember 2020 <\/strong>ist f\u00fcr alle Sch\u00fclerinnen und Sch\u00fcler <strong>unterrichtsfrei<\/strong>.<\/li><li>Es gibt eine <strong>Notbetreuung <\/strong>f\u00fcr alle Sch\u00fclerinnen und Sch\u00fcler der Klassen 1-6, die Betreuung brauchen. Sie findet in der Schule statt und dauert von 8.00 bis 13.00 Uhr. An manchen Schulen gibt es andere Zeiten, bitte fragen Sie nach!<\/li><li>Sch\u00fclerinnen und Sch\u00fcler, die mit <strong>Familienmitgliedern, die zur Risikogruppe geh\u00f6ren, <\/strong>gemeinsam Weihnachten feiern m\u00f6chten, k\u00f6nnen <strong>zus\u00e4tzlich am 17. und 18. Dezember 2020 <\/strong>vom Unterricht befreit werden. Dieser Antrag kann \u00fcber die Klassenleitung gestellt werden.  <a rel=\"noreferrer noopener\" href=\"https:\/\/wordpress.nibis.de\/gstostedt\/files\/2020\/11\/2020-11-26_Antrag_Weihnachten.pdf\" target=\"_blank\">Hier<\/a> finden Sie das Antragsformular!<\/li><\/ul>\n\n\n\n<p>Ich hoffe, wir haben einen ruhigen Dezember und die Infektionszahlen sinken. Ich w\u00fcnsche Ihnen alles Gute und weiterhin viel Kraft und Energie! Bleiben Sie gesund!<\/p>\n","protected":false},"excerpt":{"rendered":"<p>Sehr geehrte Eltern, sehr geehrte Erziehungsberechtigte, gestern haben die Ministerpr\u00e4sidentinnen und Ministerpr\u00e4sidenten mit der Bundeskanzlerin \u00fcber neue Regelungen f\u00fcr die Schulen gesprochen. Viele haben gespannt auf das Ergebnis gewartet. In Niedersachsen sind wir gut vorbereitet. Wir haben schon viele Dinge &hellip; <a href=\"https:\/\/wordpress.nibis.de\/gstostedt\/brief-des-ministers-rund-um-die-weihnachtsferien\/\">Weiterlesen <span class=\"meta-nav\">&rarr;<\/span><\/a><\/p>\n","protected":false},"author":9192536,"featured_media":0,"comment_status":"closed","ping_status":"closed","sticky":false,"template":"","format":"standard","meta":{"footnotes":""},"categories":[1],"tags":[],"class_list":["post-1257","post","type-post","status-publish","format-standard","hentry","category-allgemein"],"_links":{"self":[{"href":"https:\/\/wordpress.nibis.de\/gstostedt\/wp-json\/wp\/v2\/posts\/1257","targetHints":{"allow":["GET"]}}],"collection":[{"href":"https:\/\/wordpress.nibis.de\/gstostedt\/wp-json\/wp\/v2\/posts"}],"about":[{"href":"https:\/\/wordpress.nibis.de\/gstostedt\/wp-json\/wp\/v2\/types\/post"}],"author":[{"embeddable":true,"href":"https:\/\/wordpress.nibis.de\/gstostedt\/wp-json\/wp\/v2\/users\/9192536"}],"replies":[{"embeddable":true,"href":"https:\/\/wordpress.nibis.de\/gstostedt\/wp-json\/wp\/v2\/comments?post=1257"}],"version-history":[{"count":2,"href":"https:\/\/wordpress.nibis.de\/gstostedt\/wp-json\/wp\/v2\/posts\/1257\/revisions"}],"predecessor-version":[{"id":1261,"href":"https:\/\/wordpress.nibis.de\/gstostedt\/wp-json\/wp\/v2\/posts\/1257\/revisions\/1261"}],"wp:attachment":[{"href":"https:\/\/wordpress.nibis.de\/gstostedt\/wp-json\/wp\/v2\/media?parent=1257"}],"wp:term":[{"taxonomy":"category","embeddable":true,"href":"https:\/\/wordpress.nibis.de\/gstostedt\/wp-json\/wp\/v2\/categories?post=1257"},{"taxonomy":"post_tag","embeddable":true,"href":"https:\/\/wordpress.nibis.de\/gstostedt\/wp-json\/wp\/v2\/tags?post=1257"}],"curies":[{"name":"wp","href":"https:\/\/api.w.org\/{rel}","templated":true}]}}