{"id":2532,"date":"2022-07-26T09:27:12","date_gmt":"2022-07-26T07:27:12","guid":{"rendered":"https:\/\/wordpress.nibis.de\/gsvienen\/?p=2532"},"modified":"2023-08-24T10:45:59","modified_gmt":"2023-08-24T08:45:59","slug":"ferien-und-schulstart","status":"publish","type":"post","link":"https:\/\/wordpress.nibis.de\/gsvienen\/ferien-und-schulstart\/","title":{"rendered":"Ferien und Schulstart"},"content":{"rendered":"\n<p><span style=\"font-family: 'comic sans ms', sans-serif\">Die Ferien sind vorbei und die M\u00e4dchen und Jungen der GS Vienenburg sind gut in das neue Schuljahr gestartet.<\/span><\/p>\n<p><span style=\"font-family: 'comic sans ms', sans-serif\">Am 19.08. wurden 65 Jungen und M\u00e4dchen an der Schule begr\u00fc\u00dft. Sie starten in drei ersten Klassen und dem Schulkindergarten am 21.08. mit dem Unterricht.<\/span><\/p>\n<p><a href=\"https:\/\/wordpress.nibis.de\/gsvienen\/files\/2022\/07\/back-to-school-g1e3814379_640.jpg\"><img loading=\"lazy\" decoding=\"async\" class=\"alignnone size-full wp-image-2534\" src=\"https:\/\/wordpress.nibis.de\/gsvienen\/files\/2022\/07\/back-to-school-g1e3814379_640.jpg\" alt=\"\" width=\"640\" height=\"426\" srcset=\"https:\/\/wordpress.nibis.de\/gsvienen\/files\/2022\/07\/back-to-school-g1e3814379_640.jpg 640w, https:\/\/wordpress.nibis.de\/gsvienen\/files\/2022\/07\/back-to-school-g1e3814379_640-300x200.jpg 300w\" sizes=\"auto, (max-width: 640px) 100vw, 640px\" \/><\/a><\/p>\n","protected":false},"excerpt":{"rendered":"<p>Die Ferien sind vorbei und die M\u00e4dchen und Jungen der GS Vienenburg sind gut in das neue Schuljahr gestartet. Am 19.08. wurden 65 Jungen und M\u00e4dchen an der Schule begr\u00fc\u00dft. Sie starten in drei ersten Klassen und dem Schulkindergarten am 21.08. mit dem Unterricht.<\/p>\n","protected":false},"author":1286,"featured_media":0,"comment_status":"closed","ping_status":"closed","sticky":false,"template":"","format":"standard","meta":{"footnotes":""},"categories":[1],"tags":[],"class_list":["post-2532","post","type-post","status-publish","format-standard","hentry","category-allgemein","without-featured-image"],"_links":{"self":[{"href":"https:\/\/wordpress.nibis.de\/gsvienen\/wp-json\/wp\/v2\/posts\/2532","targetHints":{"allow":["GET"]}}],"collection":[{"href":"https:\/\/wordpress.nibis.de\/gsvienen\/wp-json\/wp\/v2\/posts"}],"about":[{"href":"https:\/\/wordpress.nibis.de\/gsvienen\/wp-json\/wp\/v2\/types\/post"}],"author":[{"embeddable":true,"href":"https:\/\/wordpress.nibis.de\/gsvienen\/wp-json\/wp\/v2\/users\/1286"}],"replies":[{"embeddable":true,"href":"https:\/\/wordpress.nibis.de\/gsvienen\/wp-json\/wp\/v2\/comments?post=2532"}],"version-history":[{"count":4,"href":"https:\/\/wordpress.nibis.de\/gsvienen\/wp-json\/wp\/v2\/posts\/2532\/revisions"}],"predecessor-version":[{"id":2577,"href":"https:\/\/wordpress.nibis.de\/gsvienen\/wp-json\/wp\/v2\/posts\/2532\/revisions\/2577"}],"wp:attachment":[{"href":"https:\/\/wordpress.nibis.de\/gsvienen\/wp-json\/wp\/v2\/media?parent=2532"}],"wp:term":[{"taxonomy":"category","embeddable":true,"href":"https:\/\/wordpress.nibis.de\/gsvienen\/wp-json\/wp\/v2\/categories?post=2532"},{"taxonomy":"post_tag","embeddable":true,"href":"https:\/\/wordpress.nibis.de\/gsvienen\/wp-json\/wp\/v2\/tags?post=2532"}],"curies":[{"name":"wp","href":"https:\/\/api.w.org\/{rel}","templated":true}]}}