{"id":2731,"date":"2026-08-20T14:59:00","date_gmt":"2026-08-20T12:59:00","guid":{"rendered":"https:\/\/wordpress.nibis.de\/gswalchum\/?p=2731"},"modified":"2026-08-20T14:59:00","modified_gmt":"2026-08-20T12:59:00","slug":"bischof-dominicus-besucht-unsere-schule","status":"publish","type":"post","link":"https:\/\/wordpress.nibis.de\/gswalchum\/2026\/08\/20\/bischof-dominicus-besucht-unsere-schule\/","title":{"rendered":"Bischof Dominicus besucht unsere Schule"},"content":{"rendered":"\n<div class=\"wp-block-image\"><img loading=\"lazy\" decoding=\"async\" class=\"wpa-warning wpa-image-missing-alt aligncenter size-large wp-image-2733\" src=\"https:\/\/wordpress.nibis.de\/gswalchum\/files\/2026\/08\/Bild-Bischof-1200x675.jpeg\" alt=\"\" width=\"620\" height=\"349\" data-warning=\"Missing alt text\" srcset=\"https:\/\/wordpress.nibis.de\/gswalchum\/files\/2026\/08\/Bild-Bischof-1200x675.jpeg 1200w, https:\/\/wordpress.nibis.de\/gswalchum\/files\/2026\/08\/Bild-Bischof-850x478.jpeg 850w, https:\/\/wordpress.nibis.de\/gswalchum\/files\/2026\/08\/Bild-Bischof-250x141.jpeg 250w\" sizes=\"auto, (max-width: 620px) 100vw, 620px\" \/><\/div>\n\n\n\n<p class=\"isSelectedEnd\">Was f\u00fcr eine sch\u00f6ne \u00dcberraschung: Im Rahmen seiner Visitation im BoJe-Verbund schaute Bischof Dominicus auch kurz bei uns in der Grundschule Walchum vorbei.<\/p>\n<p class=\"isSelectedEnd\">Die Kinder freuten sich \u00fcber den besonderen Besuch und die pers\u00f6nliche Begegnung. Es war eine sch\u00f6ne Gelegenheit, miteinander ins Gespr\u00e4ch zu kommen und einige Eindr\u00fccke auszutauschen.<\/p>\n<p class=\"isSelectedEnd\">Wir w\u00fcnschen Bischof Dominicus f\u00fcr seine weitere Visitation im BoJe-Verbund viele sch\u00f6ne Begegnungen und gute Gespr\u00e4che.<\/p>\n<p><strong>Danke, dass Sie bei uns vorbeigeschaut haben!<\/strong><\/p>\n\n\n\n<div id='gallery-1' class='gallery galleryid-2731 gallery-columns-2 gallery-size-medium'><dl class='gallery-item'>\n\t\t\t<dt class='gallery-icon landscape'>\n\t\t\t\t<img loading=\"lazy\" decoding=\"async\" width=\"850\" height=\"478\" src=\"https:\/\/wordpress.nibis.de\/gswalchum\/files\/2026\/08\/Bild-Bischof-2-850x478.jpeg\" class=\"attachment-medium size-medium\" alt=\"\" srcset=\"https:\/\/wordpress.nibis.de\/gswalchum\/files\/2026\/08\/Bild-Bischof-2-850x478.jpeg 850w, https:\/\/wordpress.nibis.de\/gswalchum\/files\/2026\/08\/Bild-Bischof-2-1200x675.jpeg 1200w, https:\/\/wordpress.nibis.de\/gswalchum\/files\/2026\/08\/Bild-Bischof-2-250x141.jpeg 250w\" sizes=\"auto, (max-width: 850px) 100vw, 850px\" \/>\n\t\t\t<\/dt><\/dl><dl class='gallery-item'>\n\t\t\t<dt class='gallery-icon portrait'>\n\t\t\t\t<img loading=\"lazy\" decoding=\"async\" width=\"850\" height=\"478\" src=\"https:\/\/wordpress.nibis.de\/gswalchum\/files\/2026\/08\/Bild-Bischof-3-850x478.jpeg\" class=\"attachment-medium size-medium\" alt=\"\" srcset=\"https:\/\/wordpress.nibis.de\/gswalchum\/files\/2026\/08\/Bild-Bischof-3-850x478.jpeg 850w, https:\/\/wordpress.nibis.de\/gswalchum\/files\/2026\/08\/Bild-Bischof-3-1200x675.jpeg 1200w, https:\/\/wordpress.nibis.de\/gswalchum\/files\/2026\/08\/Bild-Bischof-3-250x141.jpeg 250w\" sizes=\"auto, (max-width: 850px) 100vw, 850px\" \/>\n\t\t\t<\/dt><\/dl><br style=\"clear: both\" \/>\n\t\t<\/div>\n\n","protected":false},"excerpt":{"rendered":"<p>Was f\u00fcr eine sch\u00f6ne \u00dcberraschung: Im Rahmen seiner Visitation im BoJe-Verbund schaute Bischof Dominicus auch kurz bei uns in der Grundschule Walchum vorbei. Die Kinder freuten sich \u00fcber den besonderen Besuch und die pers\u00f6nliche Begegnung. Es war eine sch\u00f6ne Gelegenheit, miteinander ins Gespr\u00e4ch zu kommen und einige Eindr\u00fccke auszutauschen. Wir w\u00fcnschen Bischof Dominicus f\u00fcr seine &hellip; <a href=\"https:\/\/wordpress.nibis.de\/gswalchum\/2026\/08\/20\/bischof-dominicus-besucht-unsere-schule\/\" class=\"more-link\">Weiterlesen <span class=\"screen-reader-text\">Bischof Dominicus besucht unsere Schule<\/span><\/a><\/p>\n","protected":false},"author":9192933,"featured_media":0,"comment_status":"open","ping_status":"open","sticky":false,"template":"","format":"standard","meta":{"footnotes":""},"categories":[1],"tags":[],"class_list":["post-2731","post","type-post","status-publish","format-standard","hentry","category-allgemein","without-featured-image"],"_links":{"self":[{"href":"https:\/\/wordpress.nibis.de\/gswalchum\/wp-json\/wp\/v2\/posts\/2731","targetHints":{"allow":["GET"]}}],"collection":[{"href":"https:\/\/wordpress.nibis.de\/gswalchum\/wp-json\/wp\/v2\/posts"}],"about":[{"href":"https:\/\/wordpress.nibis.de\/gswalchum\/wp-json\/wp\/v2\/types\/post"}],"author":[{"embeddable":true,"href":"https:\/\/wordpress.nibis.de\/gswalchum\/wp-json\/wp\/v2\/users\/9192933"}],"replies":[{"embeddable":true,"href":"https:\/\/wordpress.nibis.de\/gswalchum\/wp-json\/wp\/v2\/comments?post=2731"}],"version-history":[{"count":2,"href":"https:\/\/wordpress.nibis.de\/gswalchum\/wp-json\/wp\/v2\/posts\/2731\/revisions"}],"predecessor-version":[{"id":2736,"href":"https:\/\/wordpress.nibis.de\/gswalchum\/wp-json\/wp\/v2\/posts\/2731\/revisions\/2736"}],"wp:attachment":[{"href":"https:\/\/wordpress.nibis.de\/gswalchum\/wp-json\/wp\/v2\/media?parent=2731"}],"wp:term":[{"taxonomy":"category","embeddable":true,"href":"https:\/\/wordpress.nibis.de\/gswalchum\/wp-json\/wp\/v2\/categories?post=2731"},{"taxonomy":"post_tag","embeddable":true,"href":"https:\/\/wordpress.nibis.de\/gswalchum\/wp-json\/wp\/v2\/tags?post=2731"}],"curies":[{"name":"wp","href":"https:\/\/api.w.org\/{rel}","templated":true}]}}