{"id":2747,"date":"2026-08-26T08:33:18","date_gmt":"2026-08-26T06:33:18","guid":{"rendered":"https:\/\/wordpress.nibis.de\/gswalchum\/?p=2747"},"modified":"2026-08-26T08:33:18","modified_gmt":"2026-08-26T06:33:18","slug":"mit-den-gelben-fuessen-sicher-unterwegs-%f0%9f%91%a3","status":"publish","type":"post","link":"https:\/\/wordpress.nibis.de\/gswalchum\/2026\/08\/26\/mit-den-gelben-fuessen-sicher-unterwegs-%f0%9f%91%a3\/","title":{"rendered":"Mit den \u201eGelben F\u00fc\u00dfen\u201c sicher unterwegs \ud83d\udc63"},"content":{"rendered":"\n<table style=\"border-collapse: collapse;width: 100%;height: 20px\">\n<tbody>\n<tr style=\"height: 20px\">\n<td style=\"width: 50%;height: 20px\">\n<div class=\"wp-block-image\"><img loading=\"lazy\" decoding=\"async\" class=\"wpa-warning wpa-image-missing-alt aligncenter size-full wp-image-2751\" src=\"https:\/\/wordpress.nibis.de\/gswalchum\/files\/2026\/08\/IMG_3826-scaled.jpeg\" alt=\"\" width=\"2560\" height=\"1920\" data-warning=\"Missing alt text\" srcset=\"https:\/\/wordpress.nibis.de\/gswalchum\/files\/2026\/08\/IMG_3826-scaled.jpeg 2560w, https:\/\/wordpress.nibis.de\/gswalchum\/files\/2026\/08\/IMG_3826-768x576.jpeg 768w, https:\/\/wordpress.nibis.de\/gswalchum\/files\/2026\/08\/IMG_3826-100x75.jpeg 100w, https:\/\/wordpress.nibis.de\/gswalchum\/files\/2026\/08\/IMG_3826-1536x1152.jpeg 1536w, https:\/\/wordpress.nibis.de\/gswalchum\/files\/2026\/08\/IMG_3826-2048x1536.jpeg 2048w, https:\/\/wordpress.nibis.de\/gswalchum\/files\/2026\/08\/IMG_3826-507x380.jpeg 507w\" sizes=\"auto, (max-width: 2560px) 100vw, 2560px\" \/><\/div>\n<\/td>\n<td style=\"width: 50%;height: 20px\">\n<div class=\"wp-block-image\"><img loading=\"lazy\" decoding=\"async\" class=\"wpa-warning wpa-image-missing-alt aligncenter size-full wp-image-2752\" src=\"https:\/\/wordpress.nibis.de\/gswalchum\/files\/2026\/08\/IMG_3828-scaled.jpg\" alt=\"\" width=\"2560\" height=\"1920\" data-warning=\"Missing alt text\" srcset=\"https:\/\/wordpress.nibis.de\/gswalchum\/files\/2026\/08\/IMG_3828-scaled.jpg 2560w, https:\/\/wordpress.nibis.de\/gswalchum\/files\/2026\/08\/IMG_3828-768x576.jpg 768w, https:\/\/wordpress.nibis.de\/gswalchum\/files\/2026\/08\/IMG_3828-100x75.jpg 100w, https:\/\/wordpress.nibis.de\/gswalchum\/files\/2026\/08\/IMG_3828-1536x1152.jpg 1536w, https:\/\/wordpress.nibis.de\/gswalchum\/files\/2026\/08\/IMG_3828-2048x1536.jpg 2048w, https:\/\/wordpress.nibis.de\/gswalchum\/files\/2026\/08\/IMG_3828-507x380.jpg 507w\" sizes=\"auto, (max-width: 2560px) 100vw, 2560px\" \/><\/div>\n<\/td>\n<\/tr>\n<\/tbody>\n<\/table>\n<p class=\"isSelectedEnd\" style=\"text-align: justify\">Am 25. August nahm unsere erste Klasse an der Aktion <strong>\u201eGelbe F\u00fc\u00dfe\u201c<\/strong> teil. Dabei wurden wir tatkr\u00e4ftig von der <strong>Polizeistation D\u00f6rpen<\/strong> unterst\u00fctzt.<\/p>\n<p class=\"isSelectedEnd\" style=\"text-align: justify\">Die Polizisten erkl\u00e4rten den Kindern anschaulich, an welchen Stellen sie vor dem \u00dcberqueren der Stra\u00dfe am besten stehen bleiben und sich aufmerksam nach beiden Seiten umschauen.<\/p>\n<p class=\"isSelectedEnd\" style=\"text-align: justify\">Mit viel Freude und Begeisterung waren unsere Erstkl\u00e4sslerinnen und Erstkl\u00e4ssler dabei. Die aufgespr\u00fchten <strong>\u201eGelben F\u00fc\u00dfe\u201c<\/strong> erinnern sie nun jeden Tag daran, wie wichtig es ist, im Stra\u00dfenverkehr aufmerksam und vorsichtig zu sein. \u26a0\ufe0f\ud83d\udc63<\/p>\n<p style=\"text-align: justify\"><strong>Ein herzliches Dankesch\u00f6n an die Polizei D\u00f6rpen f\u00fcr die tolle Unterst\u00fctzung!<\/strong> \ud83d\ude0a<\/p>\n","protected":false},"excerpt":{"rendered":"<p>Am 25. August nahm unsere erste Klasse an der Aktion \u201eGelbe F\u00fc\u00dfe\u201c teil. Dabei wurden wir tatkr\u00e4ftig von der Polizeistation D\u00f6rpen unterst\u00fctzt. Die Polizisten erkl\u00e4rten den Kindern anschaulich, an welchen Stellen sie vor dem \u00dcberqueren der Stra\u00dfe am besten stehen bleiben und sich aufmerksam nach beiden Seiten umschauen. Mit viel Freude und Begeisterung waren unsere &hellip; <a href=\"https:\/\/wordpress.nibis.de\/gswalchum\/2026\/08\/26\/mit-den-gelben-fuessen-sicher-unterwegs-%f0%9f%91%a3\/\" class=\"more-link\">Weiterlesen <span class=\"screen-reader-text\">Mit den \u201eGelben F\u00fc\u00dfen\u201c sicher unterwegs \ud83d\udc63<\/span><\/a><\/p>\n","protected":false},"author":9192933,"featured_media":0,"comment_status":"open","ping_status":"open","sticky":false,"template":"","format":"standard","meta":{"footnotes":""},"categories":[1],"tags":[],"class_list":["post-2747","post","type-post","status-publish","format-standard","hentry","category-allgemein","without-featured-image"],"_links":{"self":[{"href":"https:\/\/wordpress.nibis.de\/gswalchum\/wp-json\/wp\/v2\/posts\/2747","targetHints":{"allow":["GET"]}}],"collection":[{"href":"https:\/\/wordpress.nibis.de\/gswalchum\/wp-json\/wp\/v2\/posts"}],"about":[{"href":"https:\/\/wordpress.nibis.de\/gswalchum\/wp-json\/wp\/v2\/types\/post"}],"author":[{"embeddable":true,"href":"https:\/\/wordpress.nibis.de\/gswalchum\/wp-json\/wp\/v2\/users\/9192933"}],"replies":[{"embeddable":true,"href":"https:\/\/wordpress.nibis.de\/gswalchum\/wp-json\/wp\/v2\/comments?post=2747"}],"version-history":[{"count":4,"href":"https:\/\/wordpress.nibis.de\/gswalchum\/wp-json\/wp\/v2\/posts\/2747\/revisions"}],"predecessor-version":[{"id":2754,"href":"https:\/\/wordpress.nibis.de\/gswalchum\/wp-json\/wp\/v2\/posts\/2747\/revisions\/2754"}],"wp:attachment":[{"href":"https:\/\/wordpress.nibis.de\/gswalchum\/wp-json\/wp\/v2\/media?parent=2747"}],"wp:term":[{"taxonomy":"category","embeddable":true,"href":"https:\/\/wordpress.nibis.de\/gswalchum\/wp-json\/wp\/v2\/categories?post=2747"},{"taxonomy":"post_tag","embeddable":true,"href":"https:\/\/wordpress.nibis.de\/gswalchum\/wp-json\/wp\/v2\/tags?post=2747"}],"curies":[{"name":"wp","href":"https:\/\/api.w.org\/{rel}","templated":true}]}}