{"id":1139,"date":"2024-11-26T18:20:41","date_gmt":"2024-11-26T17:20:41","guid":{"rendered":"https:\/\/wordpress.nibis.de\/gswaldschulebb\/?p=1139"},"modified":"2024-11-26T18:20:41","modified_gmt":"2024-11-26T17:20:41","slug":"der-erste-schnee","status":"publish","type":"post","link":"https:\/\/wordpress.nibis.de\/gswaldschulebb\/?p=1139","title":{"rendered":"Der erste Schnee"},"content":{"rendered":"\n<div class=\"wp-block-group\"><div class=\"wp-block-group__inner-container is-layout-flow wp-block-group-is-layout-flow\">\n<div class=\"wp-block-columns is-layout-flex wp-container-core-columns-is-layout-d0b3c9c8 wp-block-columns-is-layout-flex\">\n<div class=\"wp-block-column has-background is-layout-flow wp-block-column-is-layout-flow\" style=\"--col-width:100%;background-color:#eaf2f7;flex-basis:100%\">\n<p><span style=\"font-size: revert\">Am 19. November war es soweit: Pl\u00f6tzlich war er da, der erste Schnee \u00a0\u2744\ufe0f\u2744\ufe0f\u2744\ufe0f \u2013 v\u00f6llig unerwartet! Mitten in der zweiten Unterrichtsstunde begann es zu schneien. Schnell verwandelte sich der gesamte Schulhof in eine wei\u00dfe Winterlandschaft. An konzentrierten Unterricht war kaum noch zu denken, denn alle Kinder rannten begeistert zum Fenster, um das Schneetreiben zu beobachten.<\/span><\/p>\n<p>Die Freude war gro\u00df, doch leider mussten wir die Pause drinnen verbringen, da der Schnee noch sehr nass und matschig war. Zu gro\u00df war die Gefahr, dass die Kinder durchn\u00e4sst zur\u00fcck ins Klassenzimmer kommen w\u00fcrden.<\/p>\n<p>Wir hoffen, dass uns der Winter in diesem Jahr noch \u00f6fter Schnee bringt \u2013 aber vielleicht nicht mitten im Unterricht! \ud83d\ude09<\/p>\n<\/div>\n<\/div>\n<\/div><\/div>\n\n\n","protected":false},"excerpt":{"rendered":"<p>Am 19. November war es soweit: Pl\u00f6tzlich war er da, der erste Schnee \u00a0\u2744\ufe0f\u2744\ufe0f\u2744\ufe0f \u2013 v\u00f6llig unerwartet! Mitten in der zweiten Unterrichtsstunde begann es zu schneien. Schnell verwandelte sich der gesamte Schulhof in eine wei\u00dfe Winterlandschaft. An konzentrierten Unterricht war kaum noch zu denken, denn alle Kinder rannten begeistert zum Fenster, um das Schneetreiben zu&hellip;<\/p>\n","protected":false},"author":1363,"featured_media":1140,"comment_status":"closed","ping_status":"open","sticky":false,"template":"","format":"standard","meta":{"footnotes":""},"categories":[1],"tags":[],"class_list":["post-1139","post","type-post","status-publish","format-standard","has-post-thumbnail","hentry","category-allgemein"],"_links":{"self":[{"href":"https:\/\/wordpress.nibis.de\/gswaldschulebb\/index.php?rest_route=\/wp\/v2\/posts\/1139","targetHints":{"allow":["GET"]}}],"collection":[{"href":"https:\/\/wordpress.nibis.de\/gswaldschulebb\/index.php?rest_route=\/wp\/v2\/posts"}],"about":[{"href":"https:\/\/wordpress.nibis.de\/gswaldschulebb\/index.php?rest_route=\/wp\/v2\/types\/post"}],"author":[{"embeddable":true,"href":"https:\/\/wordpress.nibis.de\/gswaldschulebb\/index.php?rest_route=\/wp\/v2\/users\/1363"}],"replies":[{"embeddable":true,"href":"https:\/\/wordpress.nibis.de\/gswaldschulebb\/index.php?rest_route=%2Fwp%2Fv2%2Fcomments&post=1139"}],"version-history":[{"count":4,"href":"https:\/\/wordpress.nibis.de\/gswaldschulebb\/index.php?rest_route=\/wp\/v2\/posts\/1139\/revisions"}],"predecessor-version":[{"id":1145,"href":"https:\/\/wordpress.nibis.de\/gswaldschulebb\/index.php?rest_route=\/wp\/v2\/posts\/1139\/revisions\/1145"}],"wp:featuredmedia":[{"embeddable":true,"href":"https:\/\/wordpress.nibis.de\/gswaldschulebb\/index.php?rest_route=\/wp\/v2\/media\/1140"}],"wp:attachment":[{"href":"https:\/\/wordpress.nibis.de\/gswaldschulebb\/index.php?rest_route=%2Fwp%2Fv2%2Fmedia&parent=1139"}],"wp:term":[{"taxonomy":"category","embeddable":true,"href":"https:\/\/wordpress.nibis.de\/gswaldschulebb\/index.php?rest_route=%2Fwp%2Fv2%2Fcategories&post=1139"},{"taxonomy":"post_tag","embeddable":true,"href":"https:\/\/wordpress.nibis.de\/gswaldschulebb\/index.php?rest_route=%2Fwp%2Fv2%2Ftags&post=1139"}],"curies":[{"name":"wp","href":"https:\/\/api.w.org\/{rel}","templated":true}]}}