{"id":1384,"date":"2026-03-06T12:29:00","date_gmt":"2026-03-06T11:29:00","guid":{"rendered":"https:\/\/wordpress.nibis.de\/gswaldschulebb\/?p=1384"},"modified":"2026-03-06T12:29:00","modified_gmt":"2026-03-06T11:29:00","slug":"waldschule-ist-jetzt-schule-ohne-rassismus-schule-mit-courage","status":"publish","type":"post","link":"https:\/\/wordpress.nibis.de\/gswaldschulebb\/?p=1384","title":{"rendered":"Waldschule ist jetzt \u201eSchule ohne Rassismus \u2013 Schule mit Courage\u201c"},"content":{"rendered":"\n\n\n<p>Am 4. M\u00e4rz 2026 wurde unserer Waldschule Bad Bevensen offiziell das Schild des Netzwerks Schule ohne Rassismus \u2013 Schule mit Courage \u00fcberreicht. Damit ist unsere Schule die erste Grundschule im Landkreis, die Teil dieses bundesweiten Netzwerks ist.<\/p>\n<p>Zur feierlichen \u00dcbergabe kam Melanie Stamer, Regionalkoordinatorin des Netzwerks, an unsere Schule und \u00fcberreichte das Schild in der Aula. Als Pate begleitet Samtgemeindeb\u00fcrgermeister Martin Feller unsere Schule auf diesem Weg.<\/p>\n<p>Gemeinsam mit allen Kindern und Lehrkr\u00e4ften wurde dieser besondere Moment mit einem bunten Programm gefeiert. Mehrere Klassen gestalteten Beitr\u00e4ge mit Tanz und Gesang.<\/p>\n<p>Im Vorfeld der Veranstaltung hatten alle Kinder der Schule an einem gemeinsamen Projekt gearbeitet: Jedes Kind gestaltete eine eigene bunte Hand. Aus den vielen H\u00e4nden entstand ein gro\u00dfes gemeinsames Zeichen f\u00fcr Vielfalt, Zusammenhalt und Mut.<\/p>\n<p>Unsere Schule ist ein Ort, an dem Kinder mit ganz unterschiedlichen Hintergr\u00fcnden zusammen lernen. Viele Sch\u00fclerinnen und Sch\u00fcler haben famili\u00e4re Wurzeln in verschiedenen L\u00e4ndern \u2013 Vielfalt geh\u00f6rt f\u00fcr uns ganz selbstverst\u00e4ndlich zum Schulalltag.<\/p>\n<p>Das Schild \u201eSchule ohne Rassismus \u2013 Schule mit Courage\u201c ist das sichtbare Zeichen unserer Mitgliedschaft im Netzwerk. Gleichzeitig ist es ein Auftrag f\u00fcr die Zukunft: Auch weiterhin wollen wir regelm\u00e4\u00dfig Projekte und Aktionen durchf\u00fchren, die sich mit Vielfalt, Demokratie und einem respektvollen Miteinander besch\u00e4ftigen.<\/p>\n","protected":false},"excerpt":{"rendered":"<p>Am 4. M\u00e4rz 2026 wurde unserer Waldschule Bad Bevensen offiziell das Schild des Netzwerks Schule ohne Rassismus \u2013 Schule mit Courage \u00fcberreicht. Damit ist unsere Schule die erste Grundschule im Landkreis, die Teil dieses bundesweiten Netzwerks ist. Zur feierlichen \u00dcbergabe kam Melanie Stamer, Regionalkoordinatorin des Netzwerks, an unsere Schule und \u00fcberreichte das Schild in der&hellip;<\/p>\n","protected":false},"author":1363,"featured_media":0,"comment_status":"closed","ping_status":"open","sticky":false,"template":"","format":"standard","meta":{"footnotes":""},"categories":[1],"tags":[],"class_list":["post-1384","post","type-post","status-publish","format-standard","hentry","category-allgemein"],"_links":{"self":[{"href":"https:\/\/wordpress.nibis.de\/gswaldschulebb\/index.php?rest_route=\/wp\/v2\/posts\/1384","targetHints":{"allow":["GET"]}}],"collection":[{"href":"https:\/\/wordpress.nibis.de\/gswaldschulebb\/index.php?rest_route=\/wp\/v2\/posts"}],"about":[{"href":"https:\/\/wordpress.nibis.de\/gswaldschulebb\/index.php?rest_route=\/wp\/v2\/types\/post"}],"author":[{"embeddable":true,"href":"https:\/\/wordpress.nibis.de\/gswaldschulebb\/index.php?rest_route=\/wp\/v2\/users\/1363"}],"replies":[{"embeddable":true,"href":"https:\/\/wordpress.nibis.de\/gswaldschulebb\/index.php?rest_route=%2Fwp%2Fv2%2Fcomments&post=1384"}],"version-history":[{"count":1,"href":"https:\/\/wordpress.nibis.de\/gswaldschulebb\/index.php?rest_route=\/wp\/v2\/posts\/1384\/revisions"}],"predecessor-version":[{"id":1385,"href":"https:\/\/wordpress.nibis.de\/gswaldschulebb\/index.php?rest_route=\/wp\/v2\/posts\/1384\/revisions\/1385"}],"wp:attachment":[{"href":"https:\/\/wordpress.nibis.de\/gswaldschulebb\/index.php?rest_route=%2Fwp%2Fv2%2Fmedia&parent=1384"}],"wp:term":[{"taxonomy":"category","embeddable":true,"href":"https:\/\/wordpress.nibis.de\/gswaldschulebb\/index.php?rest_route=%2Fwp%2Fv2%2Fcategories&post=1384"},{"taxonomy":"post_tag","embeddable":true,"href":"https:\/\/wordpress.nibis.de\/gswaldschulebb\/index.php?rest_route=%2Fwp%2Fv2%2Ftags&post=1384"}],"curies":[{"name":"wp","href":"https:\/\/api.w.org\/{rel}","templated":true}]}}