{"id":958,"date":"2024-07-23T11:33:33","date_gmt":"2024-07-23T09:33:33","guid":{"rendered":"https:\/\/wordpress.nibis.de\/gswenden\/?p=958"},"modified":"2024-07-23T11:57:26","modified_gmt":"2024-07-23T09:57:26","slug":"es-wird-bunt","status":"publish","type":"post","link":"https:\/\/wordpress.nibis.de\/gswenden\/2024\/07\/23\/es-wird-bunt\/","title":{"rendered":"Es wird bunt!"},"content":{"rendered":"\n<p>In den Sommerferien wurde in unserer Schule kr\u00e4ftig renoviert! Alle Klassenr\u00e4ume der drei Pavillons und auch die S\u00e4ulen erhielten einen neuen Anstrich. Sogar die wundersch\u00f6nen Holzfu\u00dfb\u00f6den wurden aufgearbeitet &#8211; wow! Nun sind unsere neuen Schulfarben \u00fcberall zu finden und machen unseren Tag gleich noch viel bunter- ein herzliches Dankesch\u00f6n an alle flei\u00dfigen Handwerkenden! <\/p>\n\n\n\n<figure class=\"wp-block-gallery has-nested-images columns-default is-cropped is-style-tw-img-rounded wp-block-gallery-1 is-layout-flex wp-block-gallery-is-layout-flex\">\n<figure class=\"wp-block-image size-large\"><img loading=\"lazy\" decoding=\"async\" width=\"640\" height=\"432\" data-id=\"960\" src=\"https:\/\/wordpress.nibis.de\/gswenden\/files\/2024\/07\/IMG_3446.jpg\" alt=\"\" class=\"wp-image-960\" srcset=\"https:\/\/wordpress.nibis.de\/gswenden\/files\/2024\/07\/IMG_3446.jpg 640w, https:\/\/wordpress.nibis.de\/gswenden\/files\/2024\/07\/IMG_3446-360x242.jpg 360w, https:\/\/wordpress.nibis.de\/gswenden\/files\/2024\/07\/IMG_3446-563x380.jpg 563w\" sizes=\"auto, (max-width: 640px) 100vw, 640px\" \/><\/figure>\n\n\n\n<figure class=\"wp-block-image size-large\"><img loading=\"lazy\" decoding=\"async\" width=\"1116\" height=\"675\" data-id=\"961\" src=\"https:\/\/wordpress.nibis.de\/gswenden\/files\/2024\/07\/IMG_3447-1116x675.jpg\" alt=\"\" class=\"wp-image-961\" \/><\/figure>\n\n\n\n<figure class=\"wp-block-image size-large\"><img loading=\"lazy\" decoding=\"async\" width=\"640\" height=\"480\" data-id=\"959\" src=\"https:\/\/wordpress.nibis.de\/gswenden\/files\/2024\/07\/IMG_3450.jpg\" alt=\"\" class=\"wp-image-959\" srcset=\"https:\/\/wordpress.nibis.de\/gswenden\/files\/2024\/07\/IMG_3450.jpg 640w, https:\/\/wordpress.nibis.de\/gswenden\/files\/2024\/07\/IMG_3450-507x380.jpg 507w\" sizes=\"auto, (max-width: 640px) 100vw, 640px\" \/><\/figure>\n<\/figure>\n\n\n\n<p><\/p>\n","protected":false},"excerpt":{"rendered":"<p>In den Sommerferien wurde in unserer Schule kr\u00e4ftig renoviert! Alle Klassenr\u00e4ume der drei Pavillons und auch die S\u00e4ulen erhielten einen neuen Anstrich. Sogar die wundersch\u00f6nen Holzfu\u00dfb\u00f6den wurden aufgearbeitet &#8211; wow! Nun sind unsere neuen Schulfarben \u00fcberall zu finden und machen unseren Tag gleich noch viel bunter- ein herzliches Dankesch\u00f6n an alle flei\u00dfigen Handwerkenden!<\/p>\n","protected":false},"author":9194317,"featured_media":0,"comment_status":"closed","ping_status":"closed","sticky":false,"template":"","format":"standard","meta":{"footnotes":""},"categories":[1],"tags":[],"class_list":["post-958","post","type-post","status-publish","format-standard","hentry","category-allgemein","without-featured-image"],"_links":{"self":[{"href":"https:\/\/wordpress.nibis.de\/gswenden\/wp-json\/wp\/v2\/posts\/958","targetHints":{"allow":["GET"]}}],"collection":[{"href":"https:\/\/wordpress.nibis.de\/gswenden\/wp-json\/wp\/v2\/posts"}],"about":[{"href":"https:\/\/wordpress.nibis.de\/gswenden\/wp-json\/wp\/v2\/types\/post"}],"author":[{"embeddable":true,"href":"https:\/\/wordpress.nibis.de\/gswenden\/wp-json\/wp\/v2\/users\/9194317"}],"replies":[{"embeddable":true,"href":"https:\/\/wordpress.nibis.de\/gswenden\/wp-json\/wp\/v2\/comments?post=958"}],"version-history":[{"count":4,"href":"https:\/\/wordpress.nibis.de\/gswenden\/wp-json\/wp\/v2\/posts\/958\/revisions"}],"predecessor-version":[{"id":965,"href":"https:\/\/wordpress.nibis.de\/gswenden\/wp-json\/wp\/v2\/posts\/958\/revisions\/965"}],"wp:attachment":[{"href":"https:\/\/wordpress.nibis.de\/gswenden\/wp-json\/wp\/v2\/media?parent=958"}],"wp:term":[{"taxonomy":"category","embeddable":true,"href":"https:\/\/wordpress.nibis.de\/gswenden\/wp-json\/wp\/v2\/categories?post=958"},{"taxonomy":"post_tag","embeddable":true,"href":"https:\/\/wordpress.nibis.de\/gswenden\/wp-json\/wp\/v2\/tags?post=958"}],"curies":[{"name":"wp","href":"https:\/\/api.w.org\/{rel}","templated":true}]}}