{"id":1258,"date":"2020-10-05T17:34:04","date_gmt":"2020-10-05T15:34:04","guid":{"rendered":"https:\/\/wordpress.nibis.de\/gsworth\/?p=1258"},"modified":"2020-10-05T17:34:05","modified_gmt":"2020-10-05T15:34:05","slug":"erntedank-gottesdienst","status":"publish","type":"post","link":"https:\/\/wordpress.nibis.de\/gsworth\/erntedank-gottesdienst\/","title":{"rendered":"Erntedank-Gottesdienst"},"content":{"rendered":"<p>Am vergangenen Freitag, den 02.10.2020, haben wir einen Schulgottesdienst zum Erntedankfest gefeiert. Dazu ist Pfarrer Jenssen zu uns in die Schule gekommen, sodass sich die Klassen 1\/2 und 3\/4 zu verschiedenen Zeiten in der Aula versammeln konnten.<\/p>\n<p>Wir haben Gott f\u00fcr das Wachsen unserer Ernte gedankt und gemeinsam das Vater Unser gesprochen. Anschlie\u00dfend haben wir uns noch dar\u00fcber ausgetauscht, an was wir selbst in der letzten Zeit gewachsen sind.<\/p>\n<p>Dar\u00fcber hinaus haben wir auch \u00fcber den Schutzengeltag gesprochen, der traditionell am 02. Oktober gefeiert wird. Dabei konnten wir feststellen, dass jeder von uns einen oder mehrere Schutzengel im Leben hat und wir alle schon einmal selbst ein Schutzengel f\u00fcr jemanden waren.<\/p>\n<p>W\u00e4hrend des Gottesdienstes begeisterte Frau Kempe mit Gesang und Gitarre und wir alle durften mitsummen, klatschen und stampfen. Musikalische Unterst\u00fctzung erhielten wir ebenfalls von Sch\u00fclerin M. aus der Klasse 4b, die uns mit einem Klavierst\u00fcck die Ohren verzauberte. Auf diese Weise konnte trotz der derzeitigen Corona Umst\u00e4nde eine lebhafte, gemeinschaftliche Atmosph\u00e4re in der Aula entstehen.<\/p>\n<p><img loading=\"lazy\" decoding=\"async\" class=\"aligncenter wp-image-1257 size-medium\" src=\"https:\/\/wordpress.nibis.de\/gsworth\/files\/2020\/10\/IMG_7222001-850x478.jpg\" alt=\"\" width=\"850\" height=\"478\" srcset=\"https:\/\/wordpress.nibis.de\/gsworth\/files\/2020\/10\/IMG_7222001-850x478.jpg 850w, https:\/\/wordpress.nibis.de\/gsworth\/files\/2020\/10\/IMG_7222001-250x141.jpg 250w\" sizes=\"auto, (max-width: 850px) 100vw, 850px\" \/><\/p>\n","protected":false},"excerpt":{"rendered":"<p>Am vergangenen Freitag, den 02.10.2020, haben wir einen Schulgottesdienst zum Erntedankfest gefeiert. Dazu ist Pfarrer Jenssen zu uns in die Schule gekommen, sodass sich die Klassen 1\/2 und 3\/4 zu verschiedenen Zeiten in der Aula versammeln konnten. Wir haben Gott f\u00fcr das Wachsen unserer Ernte gedankt und gemeinsam das Vater Unser gesprochen. Anschlie\u00dfend haben wir &hellip; <a href=\"https:\/\/wordpress.nibis.de\/gsworth\/erntedank-gottesdienst\/\" class=\"more-link\">Weiterlesen <span class=\"screen-reader-text\">Erntedank-Gottesdienst<\/span><\/a><\/p>\n","protected":false},"author":9193170,"featured_media":0,"comment_status":"closed","ping_status":"closed","sticky":false,"template":"","format":"standard","meta":{"footnotes":""},"categories":[1],"tags":[],"class_list":["post-1258","post","type-post","status-publish","format-standard","hentry","category-allgemein","without-featured-image"],"_links":{"self":[{"href":"https:\/\/wordpress.nibis.de\/gsworth\/wp-json\/wp\/v2\/posts\/1258","targetHints":{"allow":["GET"]}}],"collection":[{"href":"https:\/\/wordpress.nibis.de\/gsworth\/wp-json\/wp\/v2\/posts"}],"about":[{"href":"https:\/\/wordpress.nibis.de\/gsworth\/wp-json\/wp\/v2\/types\/post"}],"author":[{"embeddable":true,"href":"https:\/\/wordpress.nibis.de\/gsworth\/wp-json\/wp\/v2\/users\/9193170"}],"replies":[{"embeddable":true,"href":"https:\/\/wordpress.nibis.de\/gsworth\/wp-json\/wp\/v2\/comments?post=1258"}],"version-history":[{"count":2,"href":"https:\/\/wordpress.nibis.de\/gsworth\/wp-json\/wp\/v2\/posts\/1258\/revisions"}],"predecessor-version":[{"id":1260,"href":"https:\/\/wordpress.nibis.de\/gsworth\/wp-json\/wp\/v2\/posts\/1258\/revisions\/1260"}],"wp:attachment":[{"href":"https:\/\/wordpress.nibis.de\/gsworth\/wp-json\/wp\/v2\/media?parent=1258"}],"wp:term":[{"taxonomy":"category","embeddable":true,"href":"https:\/\/wordpress.nibis.de\/gsworth\/wp-json\/wp\/v2\/categories?post=1258"},{"taxonomy":"post_tag","embeddable":true,"href":"https:\/\/wordpress.nibis.de\/gsworth\/wp-json\/wp\/v2\/tags?post=1258"}],"curies":[{"name":"wp","href":"https:\/\/api.w.org\/{rel}","templated":true}]}}