{"id":1947,"date":"2022-09-13T14:35:19","date_gmt":"2022-09-13T12:35:19","guid":{"rendered":"https:\/\/wordpress.nibis.de\/gsworth\/?p=1947"},"modified":"2022-09-13T14:35:20","modified_gmt":"2022-09-13T12:35:20","slug":"adac-turnier-auf-dem-kulturmarktplatz","status":"publish","type":"post","link":"https:\/\/wordpress.nibis.de\/gsworth\/adac-turnier-auf-dem-kulturmarktplatz\/","title":{"rendered":"ADAC-Turnier auf dem Kulturmarktplatz"},"content":{"rendered":"\n<p>Am 01.09.2022 hat die 4. Klasse das ADAC-Fahrradturnier als Praxisteil der<br>Fahrradpr\u00fcfung durchgef\u00fchrt. Den Theorietest haben alle Kinder schon vor den<br>Ferien geschrieben und bestanden!!!<br>Der ADAC, die Deutsche Verkehrswacht und die Polizei waren vertreten, um<br>nach einigen Proberunden die Wertungsfahrt abzunehmen und die Fahrr\u00e4der zu<br>\u00fcberpr\u00fcfen.<br>Der erste Schritt ist nun getan, um zunehmend sicherer auch als RadfahrerIn<br>am Stra\u00dfenverkehr teilzunehmen.<\/p>\n\n\n\n<figure class=\"wp-block-image size-medium is-style-tw-shadow\"><img loading=\"lazy\" decoding=\"async\" width=\"850\" height=\"478\" src=\"https:\/\/wordpress.nibis.de\/gsworth\/files\/2022\/09\/Fahrradpruefung2022-850x478.jpg\" alt=\"\" class=\"wp-image-1944\" srcset=\"https:\/\/wordpress.nibis.de\/gsworth\/files\/2022\/09\/Fahrradpruefung2022-850x478.jpg 850w, https:\/\/wordpress.nibis.de\/gsworth\/files\/2022\/09\/Fahrradpruefung2022-1200x675.jpg 1200w, https:\/\/wordpress.nibis.de\/gsworth\/files\/2022\/09\/Fahrradpruefung2022-250x141.jpg 250w\" sizes=\"auto, (max-width: 850px) 100vw, 850px\" \/><\/figure>\n","protected":false},"excerpt":{"rendered":"<p>Am 01.09.2022 hat die 4. Klasse das ADAC-Fahrradturnier als Praxisteil derFahrradpr\u00fcfung durchgef\u00fchrt. Den Theorietest haben alle Kinder schon vor denFerien geschrieben und bestanden!!!Der ADAC, die Deutsche Verkehrswacht und die Polizei waren vertreten, umnach einigen Proberunden die Wertungsfahrt abzunehmen und die Fahrr\u00e4der zu\u00fcberpr\u00fcfen.Der erste Schritt ist nun getan, um zunehmend sicherer auch als RadfahrerInam Stra\u00dfenverkehr teilzunehmen.<\/p>\n","protected":false},"author":9193170,"featured_media":0,"comment_status":"closed","ping_status":"closed","sticky":false,"template":"","format":"standard","meta":{"footnotes":""},"categories":[1],"tags":[],"class_list":["post-1947","post","type-post","status-publish","format-standard","hentry","category-allgemein","without-featured-image"],"_links":{"self":[{"href":"https:\/\/wordpress.nibis.de\/gsworth\/wp-json\/wp\/v2\/posts\/1947","targetHints":{"allow":["GET"]}}],"collection":[{"href":"https:\/\/wordpress.nibis.de\/gsworth\/wp-json\/wp\/v2\/posts"}],"about":[{"href":"https:\/\/wordpress.nibis.de\/gsworth\/wp-json\/wp\/v2\/types\/post"}],"author":[{"embeddable":true,"href":"https:\/\/wordpress.nibis.de\/gsworth\/wp-json\/wp\/v2\/users\/9193170"}],"replies":[{"embeddable":true,"href":"https:\/\/wordpress.nibis.de\/gsworth\/wp-json\/wp\/v2\/comments?post=1947"}],"version-history":[{"count":1,"href":"https:\/\/wordpress.nibis.de\/gsworth\/wp-json\/wp\/v2\/posts\/1947\/revisions"}],"predecessor-version":[{"id":1948,"href":"https:\/\/wordpress.nibis.de\/gsworth\/wp-json\/wp\/v2\/posts\/1947\/revisions\/1948"}],"wp:attachment":[{"href":"https:\/\/wordpress.nibis.de\/gsworth\/wp-json\/wp\/v2\/media?parent=1947"}],"wp:term":[{"taxonomy":"category","embeddable":true,"href":"https:\/\/wordpress.nibis.de\/gsworth\/wp-json\/wp\/v2\/categories?post=1947"},{"taxonomy":"post_tag","embeddable":true,"href":"https:\/\/wordpress.nibis.de\/gsworth\/wp-json\/wp\/v2\/tags?post=1947"}],"curies":[{"name":"wp","href":"https:\/\/api.w.org\/{rel}","templated":true}]}}