{"id":1156,"date":"2021-12-12T19:41:02","date_gmt":"2021-12-12T18:41:02","guid":{"rendered":"https:\/\/wordpress.nibis.de\/gswremen\/?p=1156"},"modified":"2021-12-12T19:41:02","modified_gmt":"2021-12-12T18:41:02","slug":"es-weihnachtet-sehr","status":"publish","type":"post","link":"https:\/\/wordpress.nibis.de\/gswremen\/es-weihnachtet-sehr\/","title":{"rendered":"ES WEIHNACHTET SEHR"},"content":{"rendered":"<p>Wir haben die Schule festlich dekoriert!\u00a0<br \/>Beim Adventsbasteln haben alle Kinder flei\u00dfig dazu beigetragen, dass unsere Schule nun vorweihnachtlich geschm\u00fcckt ist. Die Vorfreude auf das gro\u00dfe Fest ist da &#8211; auch ohne Weihnachtsfeiern, Weihnachtsmarkt, Adventssingen und Adventsbasar.<br \/>Auf den Fotos sind die Tannenb\u00e4ume in der Pausenhalle und der Mensa zu sehen sowie die Fensterdekoration in den Fluren und Klassenr\u00e4umen.<br \/><img loading=\"lazy\" decoding=\"async\" class=\"alignnone  wp-image-1151\" src=\"https:\/\/wordpress.nibis.de\/gswremen\/files\/2021\/12\/Baum-Mensa.jpg\" alt=\"\" width=\"232\" height=\"412\" srcset=\"https:\/\/wordpress.nibis.de\/gswremen\/files\/2021\/12\/Baum-Mensa.jpg 900w, https:\/\/wordpress.nibis.de\/gswremen\/files\/2021\/12\/Baum-Mensa-768x1365.jpg 768w, https:\/\/wordpress.nibis.de\/gswremen\/files\/2021\/12\/Baum-Mensa-864x1536.jpg 864w\" sizes=\"auto, (max-width: 232px) 100vw, 232px\" \/> <img loading=\"lazy\" decoding=\"async\" class=\"alignnone  wp-image-1150\" src=\"https:\/\/wordpress.nibis.de\/gswremen\/files\/2021\/12\/Baum-Halle.jpg\" alt=\"\" width=\"232\" height=\"412\" srcset=\"https:\/\/wordpress.nibis.de\/gswremen\/files\/2021\/12\/Baum-Halle.jpg 900w, https:\/\/wordpress.nibis.de\/gswremen\/files\/2021\/12\/Baum-Halle-768x1365.jpg 768w, https:\/\/wordpress.nibis.de\/gswremen\/files\/2021\/12\/Baum-Halle-864x1536.jpg 864w\" sizes=\"auto, (max-width: 232px) 100vw, 232px\" \/><\/p>\n<p><img loading=\"lazy\" decoding=\"async\" class=\"alignnone size-full wp-image-1154\" src=\"https:\/\/wordpress.nibis.de\/gswremen\/files\/2021\/12\/Halle2.jpg\" alt=\"\" width=\"1600\" height=\"900\" srcset=\"https:\/\/wordpress.nibis.de\/gswremen\/files\/2021\/12\/Halle2.jpg 1600w, https:\/\/wordpress.nibis.de\/gswremen\/files\/2021\/12\/Halle2-850x478.jpg 850w, https:\/\/wordpress.nibis.de\/gswremen\/files\/2021\/12\/Halle2-1200x675.jpg 1200w, https:\/\/wordpress.nibis.de\/gswremen\/files\/2021\/12\/Halle2-250x141.jpg 250w, https:\/\/wordpress.nibis.de\/gswremen\/files\/2021\/12\/Halle2-768x432.jpg 768w, https:\/\/wordpress.nibis.de\/gswremen\/files\/2021\/12\/Halle2-1536x864.jpg 1536w\" sizes=\"auto, (max-width: 1600px) 100vw, 1600px\" \/> <img loading=\"lazy\" decoding=\"async\" class=\"alignnone size-full wp-image-1153\" src=\"https:\/\/wordpress.nibis.de\/gswremen\/files\/2021\/12\/Halle1.jpg\" alt=\"\" width=\"1600\" height=\"900\" srcset=\"https:\/\/wordpress.nibis.de\/gswremen\/files\/2021\/12\/Halle1.jpg 1600w, https:\/\/wordpress.nibis.de\/gswremen\/files\/2021\/12\/Halle1-850x478.jpg 850w, https:\/\/wordpress.nibis.de\/gswremen\/files\/2021\/12\/Halle1-1200x675.jpg 1200w, https:\/\/wordpress.nibis.de\/gswremen\/files\/2021\/12\/Halle1-250x141.jpg 250w, https:\/\/wordpress.nibis.de\/gswremen\/files\/2021\/12\/Halle1-768x432.jpg 768w, https:\/\/wordpress.nibis.de\/gswremen\/files\/2021\/12\/Halle1-1536x864.jpg 1536w\" sizes=\"auto, (max-width: 1600px) 100vw, 1600px\" \/> <img loading=\"lazy\" decoding=\"async\" class=\"alignnone size-full wp-image-1152\" src=\"https:\/\/wordpress.nibis.de\/gswremen\/files\/2021\/12\/Flur1.jpg\" alt=\"\" width=\"1600\" height=\"900\" srcset=\"https:\/\/wordpress.nibis.de\/gswremen\/files\/2021\/12\/Flur1.jpg 1600w, https:\/\/wordpress.nibis.de\/gswremen\/files\/2021\/12\/Flur1-850x478.jpg 850w, https:\/\/wordpress.nibis.de\/gswremen\/files\/2021\/12\/Flur1-1200x675.jpg 1200w, https:\/\/wordpress.nibis.de\/gswremen\/files\/2021\/12\/Flur1-250x141.jpg 250w, https:\/\/wordpress.nibis.de\/gswremen\/files\/2021\/12\/Flur1-768x432.jpg 768w, https:\/\/wordpress.nibis.de\/gswremen\/files\/2021\/12\/Flur1-1536x864.jpg 1536w\" sizes=\"auto, (max-width: 1600px) 100vw, 1600px\" \/> <img loading=\"lazy\" decoding=\"async\" class=\"alignnone size-full wp-image-1155\" src=\"https:\/\/wordpress.nibis.de\/gswremen\/files\/2021\/12\/Klasse.jpg\" alt=\"\" width=\"1600\" height=\"900\" srcset=\"https:\/\/wordpress.nibis.de\/gswremen\/files\/2021\/12\/Klasse.jpg 1600w, https:\/\/wordpress.nibis.de\/gswremen\/files\/2021\/12\/Klasse-850x478.jpg 850w, https:\/\/wordpress.nibis.de\/gswremen\/files\/2021\/12\/Klasse-1200x675.jpg 1200w, https:\/\/wordpress.nibis.de\/gswremen\/files\/2021\/12\/Klasse-250x141.jpg 250w, https:\/\/wordpress.nibis.de\/gswremen\/files\/2021\/12\/Klasse-768x432.jpg 768w, https:\/\/wordpress.nibis.de\/gswremen\/files\/2021\/12\/Klasse-1536x864.jpg 1536w\" sizes=\"auto, (max-width: 1600px) 100vw, 1600px\" \/><\/p>\n","protected":false},"excerpt":{"rendered":"<p>Wir haben die Schule festlich dekoriert!\u00a0Beim Adventsbasteln haben alle Kinder flei\u00dfig dazu beigetragen, dass unsere Schule nun vorweihnachtlich geschm\u00fcckt ist. Die Vorfreude auf das gro\u00dfe Fest ist da &#8211; auch ohne Weihnachtsfeiern, Weihnachtsmarkt, Adventssingen und Adventsbasar.Auf den Fotos sind die Tannenb\u00e4ume in der Pausenhalle und der Mensa zu sehen sowie die Fensterdekoration in den Fluren &hellip; <a href=\"https:\/\/wordpress.nibis.de\/gswremen\/es-weihnachtet-sehr\/\" class=\"more-link\"><span class=\"screen-reader-text\">ES WEIHNACHTET SEHR<\/span> weiterlesen <span class=\"meta-nav\">&rarr;<\/span><\/a><\/p>\n","protected":false},"author":9193173,"featured_media":0,"comment_status":"closed","ping_status":"closed","sticky":false,"template":"","format":"standard","meta":{"footnotes":""},"categories":[1],"tags":[],"class_list":["post-1156","post","type-post","status-publish","format-standard","hentry","category-allgemein"],"_links":{"self":[{"href":"https:\/\/wordpress.nibis.de\/gswremen\/wp-json\/wp\/v2\/posts\/1156","targetHints":{"allow":["GET"]}}],"collection":[{"href":"https:\/\/wordpress.nibis.de\/gswremen\/wp-json\/wp\/v2\/posts"}],"about":[{"href":"https:\/\/wordpress.nibis.de\/gswremen\/wp-json\/wp\/v2\/types\/post"}],"author":[{"embeddable":true,"href":"https:\/\/wordpress.nibis.de\/gswremen\/wp-json\/wp\/v2\/users\/9193173"}],"replies":[{"embeddable":true,"href":"https:\/\/wordpress.nibis.de\/gswremen\/wp-json\/wp\/v2\/comments?post=1156"}],"version-history":[{"count":3,"href":"https:\/\/wordpress.nibis.de\/gswremen\/wp-json\/wp\/v2\/posts\/1156\/revisions"}],"predecessor-version":[{"id":1159,"href":"https:\/\/wordpress.nibis.de\/gswremen\/wp-json\/wp\/v2\/posts\/1156\/revisions\/1159"}],"wp:attachment":[{"href":"https:\/\/wordpress.nibis.de\/gswremen\/wp-json\/wp\/v2\/media?parent=1156"}],"wp:term":[{"taxonomy":"category","embeddable":true,"href":"https:\/\/wordpress.nibis.de\/gswremen\/wp-json\/wp\/v2\/categories?post=1156"},{"taxonomy":"post_tag","embeddable":true,"href":"https:\/\/wordpress.nibis.de\/gswremen\/wp-json\/wp\/v2\/tags?post=1156"}],"curies":[{"name":"wp","href":"https:\/\/api.w.org\/{rel}","templated":true}]}}