{"id":1283,"date":"2022-11-27T12:23:13","date_gmt":"2022-11-27T11:23:13","guid":{"rendered":"https:\/\/wordpress.nibis.de\/gswremen\/?p=1283"},"modified":"2022-11-27T12:23:13","modified_gmt":"2022-11-27T11:23:13","slug":"es-weihnachtet-sehr-2","status":"publish","type":"post","link":"https:\/\/wordpress.nibis.de\/gswremen\/es-weihnachtet-sehr-2\/","title":{"rendered":"Es weihnachtet sehr!"},"content":{"rendered":"\n<p>Viele flei\u00dfige Kinderh\u00e4nde haben gebastelt und dekoriert, so dass wir unsere Schule p\u00fcnktlich zum 1. Advent weihnachtlich und winterlich erstrahlen lassen k\u00f6nnen!<\/p>\n<p>Fr\u00f6hliche Schneem\u00e4nner, filigrane Schneeflocken und leuchtende Sterne in den Klassen und Fluren:<img loading=\"lazy\" decoding=\"async\" class=\"alignnone size-full wp-image-1279\" src=\"https:\/\/wordpress.nibis.de\/gswremen\/files\/2022\/11\/Flur2.jpg\" alt=\"\" width=\"2000\" height=\"900\" srcset=\"https:\/\/wordpress.nibis.de\/gswremen\/files\/2022\/11\/Flur2.jpg 2000w, https:\/\/wordpress.nibis.de\/gswremen\/files\/2022\/11\/Flur2-768x346.jpg 768w, https:\/\/wordpress.nibis.de\/gswremen\/files\/2022\/11\/Flur2-1536x691.jpg 1536w\" sizes=\"auto, (max-width: 2000px) 100vw, 2000px\" \/><\/p>\n<p><img loading=\"lazy\" decoding=\"async\" class=\"alignnone size-full wp-image-1280\" src=\"https:\/\/wordpress.nibis.de\/gswremen\/files\/2022\/11\/Klasse1.jpg\" alt=\"\" width=\"2000\" height=\"900\" srcset=\"https:\/\/wordpress.nibis.de\/gswremen\/files\/2022\/11\/Klasse1.jpg 2000w, https:\/\/wordpress.nibis.de\/gswremen\/files\/2022\/11\/Klasse1-768x346.jpg 768w, https:\/\/wordpress.nibis.de\/gswremen\/files\/2022\/11\/Klasse1-1536x691.jpg 1536w\" sizes=\"auto, (max-width: 2000px) 100vw, 2000px\" \/><\/p>\n<p><img loading=\"lazy\" decoding=\"async\" class=\"alignnone size-full wp-image-1278\" src=\"https:\/\/wordpress.nibis.de\/gswremen\/files\/2022\/11\/Flur.jpg\" alt=\"\" width=\"2000\" height=\"900\" srcset=\"https:\/\/wordpress.nibis.de\/gswremen\/files\/2022\/11\/Flur.jpg 2000w, https:\/\/wordpress.nibis.de\/gswremen\/files\/2022\/11\/Flur-768x346.jpg 768w, https:\/\/wordpress.nibis.de\/gswremen\/files\/2022\/11\/Flur-1536x691.jpg 1536w\" sizes=\"auto, (max-width: 2000px) 100vw, 2000px\" \/><\/p>\n\n\n\n<p><br><\/p>\n\n\n\n<p>Weihnachtsb\u00e4ume in der Pausenhalle und in der Mensa:<br \/><img loading=\"lazy\" decoding=\"async\" class=\"alignnone  wp-image-1276\" src=\"https:\/\/wordpress.nibis.de\/gswremen\/files\/2022\/11\/Baum_Halle.jpg\" alt=\"\" width=\"225\" height=\"500\" srcset=\"https:\/\/wordpress.nibis.de\/gswremen\/files\/2022\/11\/Baum_Halle.jpg 900w, https:\/\/wordpress.nibis.de\/gswremen\/files\/2022\/11\/Baum_Halle-768x1707.jpg 768w, https:\/\/wordpress.nibis.de\/gswremen\/files\/2022\/11\/Baum_Halle-691x1536.jpg 691w\" sizes=\"auto, (max-width: 225px) 100vw, 225px\" \/> <img loading=\"lazy\" decoding=\"async\" class=\"alignnone  wp-image-1277\" src=\"https:\/\/wordpress.nibis.de\/gswremen\/files\/2022\/11\/Baum_Mensa.jpg\" alt=\"\" width=\"226\" height=\"502\" srcset=\"https:\/\/wordpress.nibis.de\/gswremen\/files\/2022\/11\/Baum_Mensa.jpg 900w, https:\/\/wordpress.nibis.de\/gswremen\/files\/2022\/11\/Baum_Mensa-768x1707.jpg 768w, https:\/\/wordpress.nibis.de\/gswremen\/files\/2022\/11\/Baum_Mensa-691x1536.jpg 691w\" sizes=\"auto, (max-width: 226px) 100vw, 226px\" \/><\/p>\n\n\n\n\n\n<p>Handgefertigte Adventskr\u00e4nze (Ein herzliches Dankesch\u00f6n an Frau Wendt!!!):<br \/><img loading=\"lazy\" decoding=\"async\" class=\"alignnone  wp-image-1282\" src=\"https:\/\/wordpress.nibis.de\/gswremen\/files\/2022\/11\/Kranz.jpg\" alt=\"\" width=\"229\" height=\"297\" srcset=\"https:\/\/wordpress.nibis.de\/gswremen\/files\/2022\/11\/Kranz.jpg 1578w, https:\/\/wordpress.nibis.de\/gswremen\/files\/2022\/11\/Kranz-768x997.jpg 768w, https:\/\/wordpress.nibis.de\/gswremen\/files\/2022\/11\/Kranz-1184x1536.jpg 1184w\" sizes=\"auto, (max-width: 229px) 100vw, 229px\" \/> <img loading=\"lazy\" decoding=\"async\" class=\"alignnone  wp-image-1281\" src=\"https:\/\/wordpress.nibis.de\/gswremen\/files\/2022\/11\/Kranz-2.jpg\" alt=\"\" width=\"231\" height=\"294\" srcset=\"https:\/\/wordpress.nibis.de\/gswremen\/files\/2022\/11\/Kranz-2.jpg 1610w, https:\/\/wordpress.nibis.de\/gswremen\/files\/2022\/11\/Kranz-2-768x977.jpg 768w, https:\/\/wordpress.nibis.de\/gswremen\/files\/2022\/11\/Kranz-2-1208x1536.jpg 1208w\" sizes=\"auto, (max-width: 231px) 100vw, 231px\" \/><\/p>\n\n\n\n<p>Wir freuen uns auf eine gem\u00fctliche Vorweihnachtszeit mit sch\u00f6nen gemeinsamen Aktionen in den Klassen &#8211; und nat\u00fcrlich auf unser w\u00f6chentliches Adventssingen, das endlich mal wieder zusammen mit allen Klassen stattfinden kann!<\/p>\n","protected":false},"excerpt":{"rendered":"<p>Viele flei\u00dfige Kinderh\u00e4nde haben gebastelt und dekoriert, so dass wir unsere Schule p\u00fcnktlich zum 1. Advent weihnachtlich und winterlich erstrahlen lassen k\u00f6nnen! Fr\u00f6hliche Schneem\u00e4nner, filigrane Schneeflocken und leuchtende Sterne in den Klassen und Fluren: Weihnachtsb\u00e4ume in der Pausenhalle und in der Mensa: Handgefertigte Adventskr\u00e4nze (Ein herzliches Dankesch\u00f6n an Frau Wendt!!!): Wir freuen uns auf eine &hellip; <a href=\"https:\/\/wordpress.nibis.de\/gswremen\/es-weihnachtet-sehr-2\/\" class=\"more-link\"><span class=\"screen-reader-text\">Es weihnachtet sehr!<\/span> weiterlesen <span class=\"meta-nav\">&rarr;<\/span><\/a><\/p>\n","protected":false},"author":9193173,"featured_media":0,"comment_status":"closed","ping_status":"closed","sticky":false,"template":"","format":"standard","meta":{"footnotes":""},"categories":[1],"tags":[],"class_list":["post-1283","post","type-post","status-publish","format-standard","hentry","category-allgemein"],"_links":{"self":[{"href":"https:\/\/wordpress.nibis.de\/gswremen\/wp-json\/wp\/v2\/posts\/1283","targetHints":{"allow":["GET"]}}],"collection":[{"href":"https:\/\/wordpress.nibis.de\/gswremen\/wp-json\/wp\/v2\/posts"}],"about":[{"href":"https:\/\/wordpress.nibis.de\/gswremen\/wp-json\/wp\/v2\/types\/post"}],"author":[{"embeddable":true,"href":"https:\/\/wordpress.nibis.de\/gswremen\/wp-json\/wp\/v2\/users\/9193173"}],"replies":[{"embeddable":true,"href":"https:\/\/wordpress.nibis.de\/gswremen\/wp-json\/wp\/v2\/comments?post=1283"}],"version-history":[{"count":4,"href":"https:\/\/wordpress.nibis.de\/gswremen\/wp-json\/wp\/v2\/posts\/1283\/revisions"}],"predecessor-version":[{"id":1287,"href":"https:\/\/wordpress.nibis.de\/gswremen\/wp-json\/wp\/v2\/posts\/1283\/revisions\/1287"}],"wp:attachment":[{"href":"https:\/\/wordpress.nibis.de\/gswremen\/wp-json\/wp\/v2\/media?parent=1283"}],"wp:term":[{"taxonomy":"category","embeddable":true,"href":"https:\/\/wordpress.nibis.de\/gswremen\/wp-json\/wp\/v2\/categories?post=1283"},{"taxonomy":"post_tag","embeddable":true,"href":"https:\/\/wordpress.nibis.de\/gswremen\/wp-json\/wp\/v2\/tags?post=1283"}],"curies":[{"name":"wp","href":"https:\/\/api.w.org\/{rel}","templated":true}]}}