{"id":882,"date":"2020-11-27T13:08:13","date_gmt":"2020-11-27T12:08:13","guid":{"rendered":"https:\/\/wordpress.nibis.de\/gswremen\/?p=882"},"modified":"2020-11-28T07:54:34","modified_gmt":"2020-11-28T06:54:34","slug":"weihnachtsstimmung-in-der-pausenhalle","status":"publish","type":"post","link":"https:\/\/wordpress.nibis.de\/gswremen\/weihnachtsstimmung-in-der-pausenhalle\/","title":{"rendered":"WEIHNACHTSSTIMMUNG IN DER PAUSENHALLE"},"content":{"rendered":"<p>Auch unser Tannenbaum in der Pausenhalle erstrahlt nun in weihnachtlichem Glanz! Herzlichen Dank an alle Kinder, die den Baum mit selbst gebasteltem Schmuck verziert haben!<\/p>\n<p><img loading=\"lazy\" decoding=\"async\" class=\"alignnone size-full wp-image-881\" src=\"https:\/\/wordpress.nibis.de\/gswremen\/files\/2020\/11\/20201127_103545-scaled.jpg\" alt=\"\" width=\"1920\" height=\"2560\" srcset=\"https:\/\/wordpress.nibis.de\/gswremen\/files\/2020\/11\/20201127_103545-scaled.jpg 1920w, https:\/\/wordpress.nibis.de\/gswremen\/files\/2020\/11\/20201127_103545-768x1024.jpg 768w, https:\/\/wordpress.nibis.de\/gswremen\/files\/2020\/11\/20201127_103545-1152x1536.jpg 1152w, https:\/\/wordpress.nibis.de\/gswremen\/files\/2020\/11\/20201127_103545-1536x2048.jpg 1536w\" sizes=\"auto, (max-width: 1920px) 100vw, 1920px\" \/><\/p>\n<p>Mit den Basteleien unseres Weihnachtsbastelns haben wir die gesamte Schule geschm\u00fcckt. Weitere Fotos findet ihr \/ finden Sie schon ganz bald im Bereich &#8222;Galerie&#8220; (linke Men\u00fcleiste). Die Galerie wird in den n\u00e4chsten Tagen weiter erg\u00e4nzt!<\/p>\n","protected":false},"excerpt":{"rendered":"<p>Auch unser Tannenbaum in der Pausenhalle erstrahlt nun in weihnachtlichem Glanz! Herzlichen Dank an alle Kinder, die den Baum mit selbst gebasteltem Schmuck verziert haben! Mit den Basteleien unseres Weihnachtsbastelns haben wir die gesamte Schule geschm\u00fcckt. Weitere Fotos findet ihr \/ finden Sie schon ganz bald im Bereich &#8222;Galerie&#8220; (linke Men\u00fcleiste). Die Galerie wird in &hellip; <a href=\"https:\/\/wordpress.nibis.de\/gswremen\/weihnachtsstimmung-in-der-pausenhalle\/\" class=\"more-link\"><span class=\"screen-reader-text\">WEIHNACHTSSTIMMUNG IN DER PAUSENHALLE<\/span> weiterlesen <span class=\"meta-nav\">&rarr;<\/span><\/a><\/p>\n","protected":false},"author":9193173,"featured_media":0,"comment_status":"closed","ping_status":"closed","sticky":false,"template":"","format":"standard","meta":{"footnotes":""},"categories":[1],"tags":[],"class_list":["post-882","post","type-post","status-publish","format-standard","hentry","category-allgemein"],"_links":{"self":[{"href":"https:\/\/wordpress.nibis.de\/gswremen\/wp-json\/wp\/v2\/posts\/882","targetHints":{"allow":["GET"]}}],"collection":[{"href":"https:\/\/wordpress.nibis.de\/gswremen\/wp-json\/wp\/v2\/posts"}],"about":[{"href":"https:\/\/wordpress.nibis.de\/gswremen\/wp-json\/wp\/v2\/types\/post"}],"author":[{"embeddable":true,"href":"https:\/\/wordpress.nibis.de\/gswremen\/wp-json\/wp\/v2\/users\/9193173"}],"replies":[{"embeddable":true,"href":"https:\/\/wordpress.nibis.de\/gswremen\/wp-json\/wp\/v2\/comments?post=882"}],"version-history":[{"count":3,"href":"https:\/\/wordpress.nibis.de\/gswremen\/wp-json\/wp\/v2\/posts\/882\/revisions"}],"predecessor-version":[{"id":888,"href":"https:\/\/wordpress.nibis.de\/gswremen\/wp-json\/wp\/v2\/posts\/882\/revisions\/888"}],"wp:attachment":[{"href":"https:\/\/wordpress.nibis.de\/gswremen\/wp-json\/wp\/v2\/media?parent=882"}],"wp:term":[{"taxonomy":"category","embeddable":true,"href":"https:\/\/wordpress.nibis.de\/gswremen\/wp-json\/wp\/v2\/categories?post=882"},{"taxonomy":"post_tag","embeddable":true,"href":"https:\/\/wordpress.nibis.de\/gswremen\/wp-json\/wp\/v2\/tags?post=882"}],"curies":[{"name":"wp","href":"https:\/\/api.w.org\/{rel}","templated":true}]}}