{"id":9672,"date":"2026-04-27T20:21:31","date_gmt":"2026-04-27T18:21:31","guid":{"rendered":"https:\/\/wordpress.nibis.de\/gy-her\/?p=9672"},"modified":"2026-04-27T20:21:31","modified_gmt":"2026-04-27T18:21:31","slug":"europaeische-vergangenheit-gegenwart-und-zukunft","status":"publish","type":"post","link":"https:\/\/wordpress.nibis.de\/gy-her\/2026-europaeische-vergangenheit-gegenwart-und-zukunft\/","title":{"rendered":"Europ\u00e4ische Vergangenheit, Gegenwart und Zukunft"},"content":{"rendered":"\n<h4>Fachexkursion nach Br\u00fcssel<\/h4>\n<div>Ein intensives Bildungsprogramm in Sachen Europa ist am Christian-Gymnasium Hermannsburg fester Bestandteil des Politik-Wirtschaftsunterrichts f\u00fcr den 11. Jahrgang: Innerhalb einer knappen Woche reisen die Jugendlichen zu einem Seminar nach Vlotho und danach weiter nach Br\u00fcssel &#8211; so auch die 11a, die am\u00a0 Freitag, den 24. April 2026, von ihrer Fachexkursion zur\u00fcckkehrte.<\/div>\n<div>\u00a0<\/div>\n<div>Gleich am Anreise-Sonntag begann in Vlotho das Seminar, in dem es um die Entstehungsgeschichte der Europ\u00e4ischen Union (EU) und deren Strukturen ging. In Form von Informationsbl\u00f6cken, Quiz- und Planspielen lernten die Teilnehmenden die Arbeit der europ\u00e4ischen Institutionen kennen und vertieften ihr zuvor im Klassenunterricht erworbenes Wissen.<\/div>\n<div>Am Dienstag folgte eine l\u00e4ngere Busfahrt nach Br\u00fcssel, an die sich eine Stadtf\u00fchrung durch Navina Engelage vom Gesamteurop\u00e4ischen Studienwerk (GESW) anschloss. In dessen Vlothoer R\u00e4umlichkeiten hatte sie bereits das Seminar geleitet und auch die sich anschlie\u00dfenden Termine der folgenden Tage organisiert: Europaparlament, Kommission und Rat standen auf der Liste, wo die Sch\u00fclerinnen und Sch\u00fcler mit verschiedenen Menschen sprachen, die f\u00fcr die EU arbeiten, darunter die Hamburgerin Nela Riehl, Parlamentsabgeordnete der Partei Volt. Ein Besuch der estnischen Botschaft rundete das Programm mit einer englischsprachigen Diskussion zu gegenw\u00e4rtigen und k\u00fcnftigen Herausforderungen der EU in gelungener Weise ab, bevor es am Freitag auf die Heimreise ging.<\/div>\n<div>Die begleitenden Lehrkr\u00e4fte C. B\u00f6ttner und S. Salie zeigten sich zufrieden mit dem Verlauf der Reise: &#8222;<em>Die Sch\u00fclerinnen und Sch\u00fcler beteiligten sich sowohl beim Seminar als auch bei den Gespr\u00e4chen in Br\u00fcssel sehr interessiert und haben teilweise ihre Freizeit nicht nur f\u00fcrs Essen und zum Shopping, sondern auch f\u00fcr selbst gew\u00e4hlte Museumsbesuche genutzt.<\/em>&#8222;<\/div>\n<div>\u00a0<\/div>\n\n\n\n<figure class=\"wp-block-image size-large\"><img loading=\"lazy\" decoding=\"async\" width=\"665\" height=\"600\" src=\"https:\/\/wordpress.nibis.de\/gy-her\/files\/2026\/04\/2026-Bruessel-Europaseminar-665x600.jpg\" alt=\"\" class=\"wp-image-9673\" srcset=\"https:\/\/wordpress.nibis.de\/gy-her\/files\/2026\/04\/2026-Bruessel-Europaseminar-665x600.jpg 665w, https:\/\/wordpress.nibis.de\/gy-her\/files\/2026\/04\/2026-Bruessel-Europaseminar-300x271.jpg 300w, https:\/\/wordpress.nibis.de\/gy-her\/files\/2026\/04\/2026-Bruessel-Europaseminar-100x90.jpg 100w, https:\/\/wordpress.nibis.de\/gy-her\/files\/2026\/04\/2026-Bruessel-Europaseminar.jpg 750w\" sizes=\"auto, (max-width: 665px) 100vw, 665px\" \/><figcaption class=\"wp-element-caption\">Sch\u00fcler:innen der 11a vor dem Br\u00fcsseler Atomium<\/figcaption><\/figure>\n","protected":false},"excerpt":{"rendered":"<p>Fachexkursion nach Br\u00fcssel Ein intensives Bildungsprogramm in Sachen Europa ist am Christian-Gymnasium Hermannsburg fester Bestandteil des Politik-Wirtschaftsunterrichts f\u00fcr den 11. Jahrgang: Innerhalb einer knappen Woche reisen die Jugendlichen zu einem <span class=\"excerpt-dots\">&hellip;<\/span> <a class=\"more-link\" href=\"https:\/\/wordpress.nibis.de\/gy-her\/2026-europaeische-vergangenheit-gegenwart-und-zukunft\/\"><span class=\"more-msg\">Weiterlesen &rarr;<\/span><\/a><\/p>\n","protected":false},"author":9192510,"featured_media":6584,"comment_status":"closed","ping_status":"closed","sticky":false,"template":"","format":"standard","meta":{"footnotes":""},"categories":[12,21,3],"tags":[],"class_list":["post-9672","post","type-post","status-publish","format-standard","has-post-thumbnail","hentry","category-aus-dem-schuljahr","category-europaschule","category-schulleben"],"_links":{"self":[{"href":"https:\/\/wordpress.nibis.de\/gy-her\/wp-json\/wp\/v2\/posts\/9672","targetHints":{"allow":["GET"]}}],"collection":[{"href":"https:\/\/wordpress.nibis.de\/gy-her\/wp-json\/wp\/v2\/posts"}],"about":[{"href":"https:\/\/wordpress.nibis.de\/gy-her\/wp-json\/wp\/v2\/types\/post"}],"author":[{"embeddable":true,"href":"https:\/\/wordpress.nibis.de\/gy-her\/wp-json\/wp\/v2\/users\/9192510"}],"replies":[{"embeddable":true,"href":"https:\/\/wordpress.nibis.de\/gy-her\/wp-json\/wp\/v2\/comments?post=9672"}],"version-history":[{"count":1,"href":"https:\/\/wordpress.nibis.de\/gy-her\/wp-json\/wp\/v2\/posts\/9672\/revisions"}],"predecessor-version":[{"id":9674,"href":"https:\/\/wordpress.nibis.de\/gy-her\/wp-json\/wp\/v2\/posts\/9672\/revisions\/9674"}],"wp:featuredmedia":[{"embeddable":true,"href":"https:\/\/wordpress.nibis.de\/gy-her\/wp-json\/wp\/v2\/media\/6584"}],"wp:attachment":[{"href":"https:\/\/wordpress.nibis.de\/gy-her\/wp-json\/wp\/v2\/media?parent=9672"}],"wp:term":[{"taxonomy":"category","embeddable":true,"href":"https:\/\/wordpress.nibis.de\/gy-her\/wp-json\/wp\/v2\/categories?post=9672"},{"taxonomy":"post_tag","embeddable":true,"href":"https:\/\/wordpress.nibis.de\/gy-her\/wp-json\/wp\/v2\/tags?post=9672"}],"curies":[{"name":"wp","href":"https:\/\/api.w.org\/{rel}","templated":true}]}}