{"id":1,"date":"2018-08-10T11:34:30","date_gmt":"2018-08-10T09:34:30","guid":{"rendered":"http:\/\/wordpress.nibis.de\/gymdamme\/?p=1"},"modified":"2019-03-02T11:10:57","modified_gmt":"2019-03-02T10:10:57","slug":"hallo-welt","status":"publish","type":"post","link":"https:\/\/wordpress.nibis.de\/gymdamme\/hallo-welt\/","title":{"rendered":"Handynutzung in den Pausen erlaubt"},"content":{"rendered":"<p><img loading=\"lazy\" decoding=\"async\" class=\"alignleft wp-image-16 size-medium\" src=\"https:\/\/wordpress.nibis.de\/gymdamme\/files\/2018\/08\/Handynutzung-225x300.jpg\" alt=\"\" width=\"225\" height=\"300\" srcset=\"https:\/\/wordpress.nibis.de\/gymdamme\/files\/2018\/08\/Handynutzung-225x300.jpg 225w, https:\/\/wordpress.nibis.de\/gymdamme\/files\/2018\/08\/Handynutzung.jpg 768w\" sizes=\"auto, (max-width: 225px) 100vw, 225px\" \/><\/p>\n<p>Ende November ist in der Gesamtkonferenz ein Beschluss zur \u00c4nderung der Hausordnung gefasst worden: In Zukunft wird am Gymnasium Damme die verantwortungsvolle Nutzung des Handys in den Pausen erlaubt sein. Dieser verantwortungsvolle Umgang mit elektronischen Ger\u00e4ten wird in den kommenden Wochen im Unterricht thematisiert werden. Die \u00c4nderung ist auch in der Sch\u00fclerschaft nicht unumstritten, wie zwei Kommentare, die im WPU Journalismus verfasst wurden, zeigen:<\/p>\n<p>&nbsp;<\/p>\n<p><b>Kontra: Smombies statt Quatschtanten?<\/b><br \/>\n<i>Ein Kommentar von T. M., J. K., G. H., I. H. und S. M. (WPU8 Deutsch)<\/i><\/p>\n<p>Wieder einmal hat sich die Schulleitung des Gymnasiums in den Kopf gesetzt, sich durch eine schlecht durchdachte Regelung bei den Sch\u00fclern beliebt zu machen. Bislang war es verboten, das Handy in der Schule zu nutzen. Die Regel, die die Handynutzung untersagte, wird durch eine Handynutzungsordnung ersetzt, die von allen Sch\u00fclern unterschrieben werden muss. Ab Februar wird die Handynutzung in der Pause erlaubt sein. Aber ist das wirklich so sinnvoll?<\/p>\n<p>F\u00fcr diese Regel\u00e4nderung spricht, dass viele Sch\u00fcler durch Apps ihre Pausen interessanter gestalten k\u00f6nnen. Au\u00dferdem kann man so auch in der Schule Kontakt zu Freunden, aber vor allem zu der Familie aufnehmen. Jedoch darf man diese im Notfall sowieso kontaktieren. Sch\u00fcler k\u00f6nnen Spielerfolge mit anderen teilen, doch geht das nicht auch im direkten Gespr\u00e4ch? In den Pausen werden kaum noch Gespr\u00e4che gef\u00fchrt werden, denn jeder wird nur noch auf sein Handy schauen. Trotz ausdr\u00fccklichem Verbot von Film- und Tonaufnahmen werden die eingefleischten Smombies, die st\u00e4ndig am Handy h\u00e4ngen, Apps wie Snapchat nutzen, was nicht kontrolliert werden k\u00f6nnte. Stichwort Datenschutz!<br \/>\nDer Markenwahn wird nie gekannte Z\u00fcge annehmen. Statt mit teuren Klamotten werden die Sch\u00fcler dann mit ihren neusten Handys protzen. Die Schulleitung sollte dies noch einmal \u00fcberdenken, bevor es unvorhersehbare Folgen nimmt.<\/p>\n<div class=\"news-single-content\">\n<p><b>Pro: Handys statt Lagerfeuer!<\/b><br \/>\n<i>Ein Kommentar von J.B., S.H., N.W., R.Z. (WPU8 Deutsch)<\/i><\/p>\n<p>Die Frage, ob Handys in den Pausen genutzt werden d\u00fcrfen, haben sich auch die Mitglieder der Gesamtkonferenz am Gymnasium Damme gestellt. Ihre Antwort darauf war: \u201eJa!&#8220;, weswegen wir im Februar 2019 Handys in den Pausen nutzen k\u00f6nnen. Ist das ein Schritt in die richtige Richtung?<\/p>\n<p>Einige \u201eFachm\u00e4nner&#8220; meinen zwar, dass jetzt, durch die Aufhebung des Verbotes, die direkten Gespr\u00e4che der Sch\u00fcler verstummen k\u00f6nnten. Auch behaupten sie, dass handylose Sch\u00fcler ausgeschlossen werden k\u00f6nnten. Allerding ist es Fakt, dass nahezu jeder Sch\u00fcler ein Handy besitzt! Das Argument, dass der Gespr\u00e4chsstoff ausgehen wird, ist totaler Unsinn, da die Sch\u00fcler vor der Aufhebung des Verbotes, sowieso oft \u00fcber Apps der Handys redeten. Ebenfalls k\u00f6nnen Informationen in Zukunft schneller nachgeschlagen werden, da alle Fakten in der Hosentasche sind. Wir leben doch nicht in der Steinzeit, in der wir in einer H\u00f6hle sitzen und versuchen, ein Feuer zu machen. Die Gegner der neuen Handyordnung sollten mal aufh\u00f6ren, in ihr Lagerfeuer zu starren und endlich in der Neuzeit ankommen!<\/p>\n<\/div>\n<div class=\"news-single-author\">WPU Journalismus (WES \/ Jg 8)<\/div>\n","protected":false},"excerpt":{"rendered":"<p>Ende November ist in der Gesamtkonferenz ein Beschluss zur \u00c4nderung der Hausordnung gefasst worden: In Zukunft wird am Gymnasium Damme die verantwortungsvolle Nutzung des Handys in den Pausen erlaubt sein. Dieser verantwortungsvolle Umgang mit elektronischen Ger\u00e4ten wird in den kommenden &hellip; <a href=\"https:\/\/wordpress.nibis.de\/gymdamme\/hallo-welt\/\">Weiterlesen <span class=\"meta-nav\">&rarr;<\/span><\/a><\/p>\n","protected":false},"author":9192642,"featured_media":16,"comment_status":"closed","ping_status":"closed","sticky":false,"template":"","format":"standard","meta":{"footnotes":""},"categories":[1],"tags":[],"class_list":["post-1","post","type-post","status-publish","format-standard","has-post-thumbnail","hentry","category-allgemein"],"_links":{"self":[{"href":"https:\/\/wordpress.nibis.de\/gymdamme\/wp-json\/wp\/v2\/posts\/1","targetHints":{"allow":["GET"]}}],"collection":[{"href":"https:\/\/wordpress.nibis.de\/gymdamme\/wp-json\/wp\/v2\/posts"}],"about":[{"href":"https:\/\/wordpress.nibis.de\/gymdamme\/wp-json\/wp\/v2\/types\/post"}],"author":[{"embeddable":true,"href":"https:\/\/wordpress.nibis.de\/gymdamme\/wp-json\/wp\/v2\/users\/9192642"}],"replies":[{"embeddable":true,"href":"https:\/\/wordpress.nibis.de\/gymdamme\/wp-json\/wp\/v2\/comments?post=1"}],"version-history":[{"count":4,"href":"https:\/\/wordpress.nibis.de\/gymdamme\/wp-json\/wp\/v2\/posts\/1\/revisions"}],"predecessor-version":[{"id":27,"href":"https:\/\/wordpress.nibis.de\/gymdamme\/wp-json\/wp\/v2\/posts\/1\/revisions\/27"}],"wp:featuredmedia":[{"embeddable":true,"href":"https:\/\/wordpress.nibis.de\/gymdamme\/wp-json\/wp\/v2\/media\/16"}],"wp:attachment":[{"href":"https:\/\/wordpress.nibis.de\/gymdamme\/wp-json\/wp\/v2\/media?parent=1"}],"wp:term":[{"taxonomy":"category","embeddable":true,"href":"https:\/\/wordpress.nibis.de\/gymdamme\/wp-json\/wp\/v2\/categories?post=1"},{"taxonomy":"post_tag","embeddable":true,"href":"https:\/\/wordpress.nibis.de\/gymdamme\/wp-json\/wp\/v2\/tags?post=1"}],"curies":[{"name":"wp","href":"https:\/\/api.w.org\/{rel}","templated":true}]}}