{"id":1003,"date":"2024-02-07T17:15:18","date_gmt":"2024-02-07T16:15:18","guid":{"rendered":"https:\/\/wordpress.nibis.de\/gymdamme\/?p=1003"},"modified":"2024-02-07T17:27:15","modified_gmt":"2024-02-07T16:27:15","slug":"unvergessliche-orientierungstage-auf-dem-jugendhof-bdkj-in-vechta","status":"publish","type":"post","link":"https:\/\/wordpress.nibis.de\/gymdamme\/unvergessliche-orientierungstage-auf-dem-jugendhof-bdkj-in-vechta\/","title":{"rendered":"Unvergessliche Orientierungstage auf dem Jugendhof BDKJ in Vechta"},"content":{"rendered":"<p><img loading=\"lazy\" decoding=\"async\" class=\"alignleft size-medium wp-image-998\" src=\"https:\/\/wordpress.nibis.de\/gymdamme\/files\/2024\/02\/Acker-225x300.jpeg\" alt=\"\" width=\"225\" height=\"300\" srcset=\"https:\/\/wordpress.nibis.de\/gymdamme\/files\/2024\/02\/Acker-225x300.jpeg 225w, https:\/\/wordpress.nibis.de\/gymdamme\/files\/2024\/02\/Acker-450x600.jpeg 450w, https:\/\/wordpress.nibis.de\/gymdamme\/files\/2024\/02\/Acker-768x1024.jpeg 768w, https:\/\/wordpress.nibis.de\/gymdamme\/files\/2024\/02\/Acker-1152x1536.jpeg 1152w, https:\/\/wordpress.nibis.de\/gymdamme\/files\/2024\/02\/Acker-1536x2048.jpeg 1536w, https:\/\/wordpress.nibis.de\/gymdamme\/files\/2024\/02\/Acker-scaled.jpeg 1920w\" sizes=\"auto, (max-width: 225px) 100vw, 225px\" \/>Im Januar erlebte der Jahrgang 10 des Gymnasiums in Damme eine unvergessliche Zeit auf dem Jugendhof BDKJ in Vechta. Jeweils f\u00fcr drei Tage wurde im Rahmen der \u201eOrientierungstage\u201c klassenweise die Gemeinschaft gest\u00e4rkt und zu den Themen \u201eStress und Entspannung\u201c gearbeitet.<\/p>\n<p>Im Jugendhof schaffen moderne und gem\u00fctliche Zimmer und gro\u00dfe Freizeitr\u00e4ume eine angenehme Atmosph\u00e4re. Mit Billiard, Tischtennis und Dart kann auch die Freizeit abwechslungsreich gestaltet werden. Die Zimmeraufteilung verlief in unserer Klasse reibungslos, was direkt eine gute Stimmung bei allen verbreitete.<\/p>\n<p>Das Programm, welches wir selbst gestalten durften, bezog sich auf das Thema \u201eStress und Entspannung\u201c. Dabei konnten wir unsere Ideen mit einbringen und haben in Gruppenarbeiten gemeinsame L\u00f6sungen erarbeitet, wie man selbst am besten mit Stress umgehen kann und wie man anderen helfen kann, diesen zu bew\u00e4ltigen. Auch die Morgenimpulse und Abendimpulse, in denen es darum geht, ganz entspannt in den Tag zu starten oder den Tag ruhig ausklingen zu lassen, verbrachten wir in unseren einzelnen Klassen und konnten somit die Tage gemeinsam beginnen und auch abschlie\u00dfen. Abends gab es zum Beispiel eine Geschichte im Meditationsraum, auf die man sich, wenn man wollte, vollkommen einlassen konnte und zur Ruhe kommen konnte.<img loading=\"lazy\" decoding=\"async\" class=\"alignright size-medium wp-image-1011\" src=\"https:\/\/wordpress.nibis.de\/gymdamme\/files\/2024\/02\/Zimmerimpression-225x300.jpeg\" alt=\"\" width=\"225\" height=\"300\" srcset=\"https:\/\/wordpress.nibis.de\/gymdamme\/files\/2024\/02\/Zimmerimpression-225x300.jpeg 225w, https:\/\/wordpress.nibis.de\/gymdamme\/files\/2024\/02\/Zimmerimpression-450x600.jpeg 450w, https:\/\/wordpress.nibis.de\/gymdamme\/files\/2024\/02\/Zimmerimpression-768x1024.jpeg 768w, https:\/\/wordpress.nibis.de\/gymdamme\/files\/2024\/02\/Zimmerimpression-1152x1536.jpeg 1152w, https:\/\/wordpress.nibis.de\/gymdamme\/files\/2024\/02\/Zimmerimpression-1536x2048.jpeg 1536w, https:\/\/wordpress.nibis.de\/gymdamme\/files\/2024\/02\/Zimmerimpression-scaled.jpeg 1920w\" sizes=\"auto, (max-width: 225px) 100vw, 225px\" \/><\/p>\n<p>Durch die Team-Spiele, die sich unter anderem unsere zwei \u201eTeamerinnen\u201c ausgedacht haben, konnten wir als Klasse noch mehr zusammenwachsen und uns noch besser kennenlernen. Dies ist auch einer der Gr\u00fcnde, weshalb wir dort waren. Wir lernten, uns anderen gegen\u00fcber zu \u00f6ffnen und als Klasse noch mehr zusammenzuwachsen. Denn auch, wenn man dachte, dass man vielleicht schon alles \u00fcber eine Person wusste, gab es doch auch Momente, in denen man neue Dinge \u00fcber die anderen erfahren durfte. Die Orientierungstage boten nicht nur die M\u00f6glichkeit, sich gegenseitig besser kennenzulernen, sondern auch, gemeinsam an Themen wie Stressbew\u00e4ltigung zu arbeiten.<\/p>\n<p>Insgesamt war die Veranstaltung ein voller Erfolg, bei dem nicht nur der Lernaspekt im Vordergrund stand, sondern auch der Spa\u00df und die Gemeinschaft. Somit kehrten alle mit vielen positiven Erinnerungen und neuen Erfahrungen zur\u00fcck.<br \/>\n<em>von Sina und Alisha<\/em><\/p>\n","protected":false},"excerpt":{"rendered":"<p>Im Januar erlebte der Jahrgang 10 des Gymnasiums in Damme eine unvergessliche Zeit auf dem Jugendhof BDKJ in Vechta. Jeweils f\u00fcr drei Tage wurde im Rahmen der \u201eOrientierungstage\u201c klassenweise die Gemeinschaft gest\u00e4rkt und zu den Themen \u201eStress und Entspannung\u201c gearbeitet. &hellip; <a href=\"https:\/\/wordpress.nibis.de\/gymdamme\/unvergessliche-orientierungstage-auf-dem-jugendhof-bdkj-in-vechta\/\">Weiterlesen <span class=\"meta-nav\">&rarr;<\/span><\/a><\/p>\n","protected":false},"author":9192822,"featured_media":998,"comment_status":"open","ping_status":"open","sticky":false,"template":"","format":"standard","meta":{"footnotes":""},"categories":[1],"tags":[],"class_list":["post-1003","post","type-post","status-publish","format-standard","has-post-thumbnail","hentry","category-allgemein"],"_links":{"self":[{"href":"https:\/\/wordpress.nibis.de\/gymdamme\/wp-json\/wp\/v2\/posts\/1003","targetHints":{"allow":["GET"]}}],"collection":[{"href":"https:\/\/wordpress.nibis.de\/gymdamme\/wp-json\/wp\/v2\/posts"}],"about":[{"href":"https:\/\/wordpress.nibis.de\/gymdamme\/wp-json\/wp\/v2\/types\/post"}],"author":[{"embeddable":true,"href":"https:\/\/wordpress.nibis.de\/gymdamme\/wp-json\/wp\/v2\/users\/9192822"}],"replies":[{"embeddable":true,"href":"https:\/\/wordpress.nibis.de\/gymdamme\/wp-json\/wp\/v2\/comments?post=1003"}],"version-history":[{"count":3,"href":"https:\/\/wordpress.nibis.de\/gymdamme\/wp-json\/wp\/v2\/posts\/1003\/revisions"}],"predecessor-version":[{"id":1017,"href":"https:\/\/wordpress.nibis.de\/gymdamme\/wp-json\/wp\/v2\/posts\/1003\/revisions\/1017"}],"wp:featuredmedia":[{"embeddable":true,"href":"https:\/\/wordpress.nibis.de\/gymdamme\/wp-json\/wp\/v2\/media\/998"}],"wp:attachment":[{"href":"https:\/\/wordpress.nibis.de\/gymdamme\/wp-json\/wp\/v2\/media?parent=1003"}],"wp:term":[{"taxonomy":"category","embeddable":true,"href":"https:\/\/wordpress.nibis.de\/gymdamme\/wp-json\/wp\/v2\/categories?post=1003"},{"taxonomy":"post_tag","embeddable":true,"href":"https:\/\/wordpress.nibis.de\/gymdamme\/wp-json\/wp\/v2\/tags?post=1003"}],"curies":[{"name":"wp","href":"https:\/\/api.w.org\/{rel}","templated":true}]}}