{"id":1015,"date":"2024-02-07T17:25:33","date_gmt":"2024-02-07T16:25:33","guid":{"rendered":"https:\/\/wordpress.nibis.de\/gymdamme\/?p=1015"},"modified":"2024-02-07T17:25:33","modified_gmt":"2024-02-07T16:25:33","slug":"ein-neues-gesicht-in-raum-102","status":"publish","type":"post","link":"https:\/\/wordpress.nibis.de\/gymdamme\/ein-neues-gesicht-in-raum-102\/","title":{"rendered":"Ein neues Gesicht in Raum 102"},"content":{"rendered":"<p><img loading=\"lazy\" decoding=\"async\" class=\"alignleft size-large wp-image-1008\" src=\"https:\/\/wordpress.nibis.de\/gymdamme\/files\/2024\/02\/Anette-Molitor-800x600.jpeg\" alt=\"\" width=\"640\" height=\"480\" srcset=\"https:\/\/wordpress.nibis.de\/gymdamme\/files\/2024\/02\/Anette-Molitor-800x600.jpeg 800w, https:\/\/wordpress.nibis.de\/gymdamme\/files\/2024\/02\/Anette-Molitor-300x225.jpeg 300w, https:\/\/wordpress.nibis.de\/gymdamme\/files\/2024\/02\/Anette-Molitor-768x576.jpeg 768w, https:\/\/wordpress.nibis.de\/gymdamme\/files\/2024\/02\/Anette-Molitor-1536x1152.jpeg 1536w, https:\/\/wordpress.nibis.de\/gymdamme\/files\/2024\/02\/Anette-Molitor-2048x1536.jpeg 2048w\" sizes=\"auto, (max-width: 640px) 100vw, 640px\" \/>Annette Molitor ist seit Januar unsere neue Schulsozialarbeiterin. Sie lebt sich zwar im Moment noch ein, hat aber trotzdem schon jederzeit ein offenes Ohr f\u00fcr die Probleme der Schulgemeinschaft. Annette hat einen Abschluss in Sozialp\u00e4dagogik\/Soziale Arbeit und war zuvor in verschiedenen Bereichen der Jugendbetreuung t\u00e4tig. Mit ihrer langj\u00e4hrigen Erfahrung in der Jugendverbandsarbeit und der Jugendhilfe bringt sie Fachkenntnisse und bew\u00e4hrte Methoden mit. Diese will sie nun auch an unserer Schule einbringen und umsetzen. Sie ist hier, um euch zu helfen. Egal, ob ihr in einer pers\u00f6nlichen Krise steckt, euch verloren f\u00fchlt oder einfach nur jemanden zum Reden braucht \u2013 Annette steht zur Verf\u00fcgung. Alles, was in euren Gespr\u00e4chen besprochen wird, bleibt vertraulich. Sie wird nie ohne eure Zustimmung Informationen an Eltern oder Lehrkr\u00e4fte weitergeben. Nur in besonderen Notsituationen oder mit eurer Erlaubnis wird sie andere Unterst\u00fctzung hinzuziehen.<\/p>\n<p>F\u00fcr die Sch\u00fclerinnen und Sch\u00fcler steht ihr B\u00fcro immer offen und f\u00fcr die Eltern besteht die M\u00f6glichkeit, Annette per E-Mail oder telefonisch zu kontaktieren. Auch pers\u00f6nliche Gespr\u00e4chstermine k\u00f6nnen vereinbart werden, um \u00fcber die Bed\u00fcrfnisse der Sch\u00fclerinnen und Sch\u00fcler zu sprechen. Annette ist t\u00e4glich von 7:45 Uhr bis 13:45 Uhr in ihrem Raum zu finden. Sie plant auch schon f\u00fcr die Zukunft ihre Unterst\u00fctzung in der Pr\u00e4ventionsarbeit, bei Lions-Quest-Veranstaltungen und in der Berufswegplanung. Gerne geht sie auf die W\u00fcnsche der Sch\u00fclerinnen und Sch\u00fcler ein. Also nicht verzagen, sondern einfach mal bei ihr vorbeischauen!<br \/>\n<em>von Moritz, Ayman und Max<\/em><\/p>\n<p><strong>B\u00fcro:<\/strong> Raum 102, Trakt 1<br \/>\n<strong>Telefon:<\/strong> 05491 67 01 38<br \/>\n<strong>E-Mail:<\/strong> <a href=\"&#x6d;&#97;&#x69;&#x6c;&#116;&#x6f;&#58;a&#x6e;&#110;e&#x74;&#116;e&#x2e;&#109;o&#x6c;&#105;&#x74;&#x6f;&#114;&#x40;&#x67;&#100;&#x2d;&#115;e&#x72;&#118;&#46;&#x64;&#101;\">&#97;n&#x6e;e&#x74;t&#x65;&#46;&#x6d;o&#x6c;i&#x74;&#111;&#x72;&#64;&#x67;&#100;&#x2d;&#115;&#x65;&#114;&#x76;&#46;&#x64;&#101;<\/a><\/p>\n","protected":false},"excerpt":{"rendered":"<p>Annette Molitor ist seit Januar unsere neue Schulsozialarbeiterin. Sie lebt sich zwar im Moment noch ein, hat aber trotzdem schon jederzeit ein offenes Ohr f\u00fcr die Probleme der Schulgemeinschaft. Annette hat einen Abschluss in Sozialp\u00e4dagogik\/Soziale Arbeit und war zuvor in &hellip; <a href=\"https:\/\/wordpress.nibis.de\/gymdamme\/ein-neues-gesicht-in-raum-102\/\">Weiterlesen <span class=\"meta-nav\">&rarr;<\/span><\/a><\/p>\n","protected":false},"author":9192822,"featured_media":0,"comment_status":"open","ping_status":"open","sticky":false,"template":"","format":"standard","meta":{"footnotes":""},"categories":[1],"tags":[],"class_list":["post-1015","post","type-post","status-publish","format-standard","hentry","category-allgemein"],"_links":{"self":[{"href":"https:\/\/wordpress.nibis.de\/gymdamme\/wp-json\/wp\/v2\/posts\/1015","targetHints":{"allow":["GET"]}}],"collection":[{"href":"https:\/\/wordpress.nibis.de\/gymdamme\/wp-json\/wp\/v2\/posts"}],"about":[{"href":"https:\/\/wordpress.nibis.de\/gymdamme\/wp-json\/wp\/v2\/types\/post"}],"author":[{"embeddable":true,"href":"https:\/\/wordpress.nibis.de\/gymdamme\/wp-json\/wp\/v2\/users\/9192822"}],"replies":[{"embeddable":true,"href":"https:\/\/wordpress.nibis.de\/gymdamme\/wp-json\/wp\/v2\/comments?post=1015"}],"version-history":[{"count":1,"href":"https:\/\/wordpress.nibis.de\/gymdamme\/wp-json\/wp\/v2\/posts\/1015\/revisions"}],"predecessor-version":[{"id":1016,"href":"https:\/\/wordpress.nibis.de\/gymdamme\/wp-json\/wp\/v2\/posts\/1015\/revisions\/1016"}],"wp:attachment":[{"href":"https:\/\/wordpress.nibis.de\/gymdamme\/wp-json\/wp\/v2\/media?parent=1015"}],"wp:term":[{"taxonomy":"category","embeddable":true,"href":"https:\/\/wordpress.nibis.de\/gymdamme\/wp-json\/wp\/v2\/categories?post=1015"},{"taxonomy":"post_tag","embeddable":true,"href":"https:\/\/wordpress.nibis.de\/gymdamme\/wp-json\/wp\/v2\/tags?post=1015"}],"curies":[{"name":"wp","href":"https:\/\/api.w.org\/{rel}","templated":true}]}}