{"id":193,"date":"2019-11-08T12:41:04","date_gmt":"2019-11-08T11:41:04","guid":{"rendered":"https:\/\/wordpress.nibis.de\/gymdamme\/?p=193"},"modified":"2019-11-08T13:05:41","modified_gmt":"2019-11-08T12:05:41","slug":"eunited-vorbereitungen-fuer-den-europaeischen-wettbewerb","status":"publish","type":"post","link":"https:\/\/wordpress.nibis.de\/gymdamme\/eunited-vorbereitungen-fuer-den-europaeischen-wettbewerb\/","title":{"rendered":"EUnited-Vorbereitungen f\u00fcr den Europ\u00e4ischen Wettbewerb"},"content":{"rendered":"\n<p><img loading=\"lazy\" decoding=\"async\" class=\"alignright size-medium wp-image-196\" src=\"https:\/\/wordpress.nibis.de\/gymdamme\/files\/2019\/11\/fenster-300x252.jpg\" alt=\"\" width=\"300\" height=\"252\" srcset=\"https:\/\/wordpress.nibis.de\/gymdamme\/files\/2019\/11\/fenster-300x252.jpg 300w, https:\/\/wordpress.nibis.de\/gymdamme\/files\/2019\/11\/fenster-768x645.jpg 768w, https:\/\/wordpress.nibis.de\/gymdamme\/files\/2019\/11\/fenster-714x600.jpg 714w\" sizes=\"auto, (max-width: 300px) 100vw, 300px\" \/>Erste Vorbereitungen laufen: Die Teilnehmer des WPU Journalismus (Jg.9) haben sich\u00a0in die Aufgaben\u00a0f\u00fcr den <a href=\"https:\/\/www.europaeischer-wettbewerb.de\/\">Europ\u00e4ischen Wettbewerb<\/a> eingearbeitet. Nach der <a href=\"https:\/\/wordpress.nibis.de\/gymdamme\/influencer\/\">\u00fcberaus erfolgreichen Teilnahme<\/a> im vergangenen Jahr sind die Sch\u00fcler wieder hochmotiviert. Derzeit werden Ideen gepr\u00fcft, verworfen oder umgesetzt. Bis zum Einsendeschluss (07.02.2020 f\u00fcr Niedersachsen) werden hoffentlich wieder viele spannende und informative Produkte entstehen. Dr\u00fcckt uns die Daumen!\u00a0 \u00a0 \u00a0 \u00a0 \u00a0 \u00a0 \u00a0\u00a0<\/p>\n<p><img loading=\"lazy\" decoding=\"async\" class=\"alignleft size-medium wp-image-197\" src=\"https:\/\/wordpress.nibis.de\/gymdamme\/files\/2019\/11\/masken-233x300.jpg\" alt=\"\" width=\"233\" height=\"300\" srcset=\"https:\/\/wordpress.nibis.de\/gymdamme\/files\/2019\/11\/masken-233x300.jpg 233w, https:\/\/wordpress.nibis.de\/gymdamme\/files\/2019\/11\/masken-768x987.jpg 768w, https:\/\/wordpress.nibis.de\/gymdamme\/files\/2019\/11\/masken-467x600.jpg 467w, https:\/\/wordpress.nibis.de\/gymdamme\/files\/2019\/11\/masken.jpg 797w\" sizes=\"auto, (max-width: 233px) 100vw, 233px\" \/><\/p>\n<p>\u00a0 \u00a0 \u00a0 \u00a0 \u00a0 \u00a0 \u00a0 &#8222;Europ\u00e4isches Sichtfenster&#8220; &#8211; <br \/>\u00a0 \u00a0 \u00a0 \u00a0 \u00a0 \u00a0 \u00a0 \u00a0Mit freundlicher Unterst\u00fctzung der<br \/>\u00a0 \u00a0 \u00a0 \u00a0 \u00a0 \u00a0 \u00a0 \u00a0 \u00a0 \u00a0 \u00a0Zimmerei Stefan Ruhr.<\/p>\n<p>\u00a0<\/p>\n<p>\u00a0<\/p>\n<p>\u00a0<\/p>\n<p>\u00a0<\/p>\n","protected":false},"excerpt":{"rendered":"<p>Erste Vorbereitungen laufen: Die Teilnehmer des WPU Journalismus (Jg.9) haben sich\u00a0in die Aufgaben\u00a0f\u00fcr den Europ\u00e4ischen Wettbewerb eingearbeitet. Nach der \u00fcberaus erfolgreichen Teilnahme im vergangenen Jahr sind die Sch\u00fcler wieder hochmotiviert. Derzeit werden Ideen gepr\u00fcft, verworfen oder umgesetzt. Bis zum Einsendeschluss &hellip; <a href=\"https:\/\/wordpress.nibis.de\/gymdamme\/eunited-vorbereitungen-fuer-den-europaeischen-wettbewerb\/\">Weiterlesen <span class=\"meta-nav\">&rarr;<\/span><\/a><\/p>\n","protected":false},"author":9192822,"featured_media":0,"comment_status":"closed","ping_status":"closed","sticky":false,"template":"","format":"standard","meta":{"footnotes":""},"categories":[1],"tags":[],"class_list":["post-193","post","type-post","status-publish","format-standard","hentry","category-allgemein"],"_links":{"self":[{"href":"https:\/\/wordpress.nibis.de\/gymdamme\/wp-json\/wp\/v2\/posts\/193","targetHints":{"allow":["GET"]}}],"collection":[{"href":"https:\/\/wordpress.nibis.de\/gymdamme\/wp-json\/wp\/v2\/posts"}],"about":[{"href":"https:\/\/wordpress.nibis.de\/gymdamme\/wp-json\/wp\/v2\/types\/post"}],"author":[{"embeddable":true,"href":"https:\/\/wordpress.nibis.de\/gymdamme\/wp-json\/wp\/v2\/users\/9192822"}],"replies":[{"embeddable":true,"href":"https:\/\/wordpress.nibis.de\/gymdamme\/wp-json\/wp\/v2\/comments?post=193"}],"version-history":[{"count":8,"href":"https:\/\/wordpress.nibis.de\/gymdamme\/wp-json\/wp\/v2\/posts\/193\/revisions"}],"predecessor-version":[{"id":203,"href":"https:\/\/wordpress.nibis.de\/gymdamme\/wp-json\/wp\/v2\/posts\/193\/revisions\/203"}],"wp:attachment":[{"href":"https:\/\/wordpress.nibis.de\/gymdamme\/wp-json\/wp\/v2\/media?parent=193"}],"wp:term":[{"taxonomy":"category","embeddable":true,"href":"https:\/\/wordpress.nibis.de\/gymdamme\/wp-json\/wp\/v2\/categories?post=193"},{"taxonomy":"post_tag","embeddable":true,"href":"https:\/\/wordpress.nibis.de\/gymdamme\/wp-json\/wp\/v2\/tags?post=193"}],"curies":[{"name":"wp","href":"https:\/\/api.w.org\/{rel}","templated":true}]}}