{"id":245,"date":"2020-02-04T15:20:35","date_gmt":"2020-02-04T14:20:35","guid":{"rendered":"https:\/\/wordpress.nibis.de\/gymdamme\/?p=245"},"modified":"2020-02-04T15:27:37","modified_gmt":"2020-02-04T14:27:37","slug":"besuch-aus-oldenburg-vom-magazin-oho","status":"publish","type":"post","link":"https:\/\/wordpress.nibis.de\/gymdamme\/besuch-aus-oldenburg-vom-magazin-oho\/","title":{"rendered":"Besuch aus Oldenburg vom Magazin \u201eOho!\u201c"},"content":{"rendered":"\n<p><img loading=\"lazy\" decoding=\"async\" class=\"alignleft size-medium wp-image-247\" src=\"https:\/\/wordpress.nibis.de\/gymdamme\/files\/2020\/02\/WPU_Knoll-300x225.jpg\" alt=\"\" width=\"300\" height=\"225\" srcset=\"https:\/\/wordpress.nibis.de\/gymdamme\/files\/2020\/02\/WPU_Knoll-300x225.jpg 300w, https:\/\/wordpress.nibis.de\/gymdamme\/files\/2020\/02\/WPU_Knoll-768x575.jpg 768w, https:\/\/wordpress.nibis.de\/gymdamme\/files\/2020\/02\/WPU_Knoll-801x600.jpg 801w\" sizes=\"auto, (max-width: 300px) 100vw, 300px\" \/>Der <a href=\"https:\/\/www.oldenburger-muensterland.de\/\">Verbund Oldenburger M\u00fcnsterland<\/a> gibt zwei Mal im Jahr das Oho! &#8211; Magazin heraus. In dem Magazin werden spannende Geschichten aus den Landkreisen Vechta und Cloppenburg erz\u00e4hlt, es soll zeigen, warum es sich lohnt, \u201ehier zu leben, zu arbeiten und zu urlauben\u201c. Ende Januar 2020 haben uns der Fotograf Markus L\u00f6chte und Lisa Knoll von der Agentur mediavanti aus Oldenburg besucht, um einen Artikel \u00fcber unseren Wahlpflichtunterricht Journalismus f\u00fcr Oho! zu produzieren. Selbstverst\u00e4ndlich haben wir den Spie\u00df auch umgedreht: Oliwia und Jana haben Lisa Knoll ihre Fragen gestellt.<\/p>\n<audio class=\"wp-audio-shortcode\" id=\"audio-245-1\" preload=\"none\" style=\"width: 100%;\" controls=\"controls\"><source type=\"audio\/mpeg\" src=\"https:\/\/wordpress.nibis.de\/gymdamme\/files\/2020\/02\/Interview-Lisa-Knoll.mp3?_=1\" \/><a href=\"https:\/\/wordpress.nibis.de\/gymdamme\/files\/2020\/02\/Interview-Lisa-Knoll.mp3\">https:\/\/wordpress.nibis.de\/gymdamme\/files\/2020\/02\/Interview-Lisa-Knoll.mp3<\/a><\/audio>\n<p><br \/><br \/><br \/><\/p>\n","protected":false},"excerpt":{"rendered":"<p>Der Verbund Oldenburger M\u00fcnsterland gibt zwei Mal im Jahr das Oho! &#8211; Magazin heraus. In dem Magazin werden spannende Geschichten aus den Landkreisen Vechta und Cloppenburg erz\u00e4hlt, es soll zeigen, warum es sich lohnt, \u201ehier zu leben, zu arbeiten und &hellip; <a href=\"https:\/\/wordpress.nibis.de\/gymdamme\/besuch-aus-oldenburg-vom-magazin-oho\/\">Weiterlesen <span class=\"meta-nav\">&rarr;<\/span><\/a><\/p>\n","protected":false},"author":9192822,"featured_media":0,"comment_status":"closed","ping_status":"closed","sticky":false,"template":"","format":"standard","meta":{"footnotes":""},"categories":[1],"tags":[],"class_list":["post-245","post","type-post","status-publish","format-standard","hentry","category-allgemein"],"_links":{"self":[{"href":"https:\/\/wordpress.nibis.de\/gymdamme\/wp-json\/wp\/v2\/posts\/245","targetHints":{"allow":["GET"]}}],"collection":[{"href":"https:\/\/wordpress.nibis.de\/gymdamme\/wp-json\/wp\/v2\/posts"}],"about":[{"href":"https:\/\/wordpress.nibis.de\/gymdamme\/wp-json\/wp\/v2\/types\/post"}],"author":[{"embeddable":true,"href":"https:\/\/wordpress.nibis.de\/gymdamme\/wp-json\/wp\/v2\/users\/9192822"}],"replies":[{"embeddable":true,"href":"https:\/\/wordpress.nibis.de\/gymdamme\/wp-json\/wp\/v2\/comments?post=245"}],"version-history":[{"count":3,"href":"https:\/\/wordpress.nibis.de\/gymdamme\/wp-json\/wp\/v2\/posts\/245\/revisions"}],"predecessor-version":[{"id":251,"href":"https:\/\/wordpress.nibis.de\/gymdamme\/wp-json\/wp\/v2\/posts\/245\/revisions\/251"}],"wp:attachment":[{"href":"https:\/\/wordpress.nibis.de\/gymdamme\/wp-json\/wp\/v2\/media?parent=245"}],"wp:term":[{"taxonomy":"category","embeddable":true,"href":"https:\/\/wordpress.nibis.de\/gymdamme\/wp-json\/wp\/v2\/categories?post=245"},{"taxonomy":"post_tag","embeddable":true,"href":"https:\/\/wordpress.nibis.de\/gymdamme\/wp-json\/wp\/v2\/tags?post=245"}],"curies":[{"name":"wp","href":"https:\/\/api.w.org\/{rel}","templated":true}]}}