{"id":437,"date":"2020-09-30T08:10:09","date_gmt":"2020-09-30T06:10:09","guid":{"rendered":"https:\/\/wordpress.nibis.de\/gymdamme\/?p=437"},"modified":"2020-09-30T08:23:58","modified_gmt":"2020-09-30T06:23:58","slug":"437-2","status":"publish","type":"post","link":"https:\/\/wordpress.nibis.de\/gymdamme\/437-2\/","title":{"rendered":"Frankreichaustausch"},"content":{"rendered":"<p><strong><img loading=\"lazy\" decoding=\"async\" class=\"alignleft size-medium wp-image-436\" src=\"https:\/\/wordpress.nibis.de\/gymdamme\/files\/2020\/09\/Foto-Frankreichaustausch-Antonia-1-300x225.jpg\" alt=\"\" width=\"300\" height=\"225\" srcset=\"https:\/\/wordpress.nibis.de\/gymdamme\/files\/2020\/09\/Foto-Frankreichaustausch-Antonia-1-300x225.jpg 300w, https:\/\/wordpress.nibis.de\/gymdamme\/files\/2020\/09\/Foto-Frankreichaustausch-Antonia-1-800x600.jpg 800w, https:\/\/wordpress.nibis.de\/gymdamme\/files\/2020\/09\/Foto-Frankreichaustausch-Antonia-1-768x576.jpg 768w, https:\/\/wordpress.nibis.de\/gymdamme\/files\/2020\/09\/Foto-Frankreichaustausch-Antonia-1.jpg 1024w\" sizes=\"auto, (max-width: 300px) 100vw, 300px\" \/>l&#8217;\u00e9change franco-allemande \u2013&nbsp; &nbsp; &nbsp; &nbsp; &nbsp; &nbsp; &nbsp; &nbsp; &nbsp; &nbsp;ein R\u00fcckblick aus 2019<\/strong><\/p>\n<p><em>Alle Jahre wieder &#8211; doch dieses Jahr leider nicht&#8230; da der Austausch 2020 nicht stattfinden konnte, blicken wir einfach auf 2019 zur\u00fcck. Eine Woche voller H\u00f6hen und Tiefen, die wir bestimmt nicht so schnell vergessen werden, liegt hinter uns. Doch neben den tollen Erlebnissen mit den G\u00e4sten gab es auch viel Merkw\u00fcrdiges\u2026&nbsp; &nbsp; &nbsp; &nbsp; &nbsp; &nbsp; &nbsp;<\/em><em>von Antonia S.<\/em><\/p>\n<p>Nun ist es schon ein Jahr her. Im September 2019 besuchten uns 40 franz\u00f6sische Sch\u00fcler und Sch\u00fclerinnen aus Ch\u00e2teaubourg und Janz\u00e9. Bereits seit vielen Jahren veranstaltet das Gymnasium Damme jedes Jahr einen Sch\u00fcleraustausch mit dem \u201eColl\u00e8ge Saint Joseph Janz\u00e9\u201c und mit dem \u201eColl\u00e8ge Saint Joseph Ch\u00e2teaubourg\u201c. Die Franzosen verbrachten eine Woche bei uns, eine Woche voller Erinnerungen und unvergesslichen Momenten.<\/p>\n<p>Alles begann am 24.09.2019: gegen 21Uhr versammelten wir uns vor der Schule, um die franz\u00f6sischen G\u00e4ste zu empfangen. Da wir in st\u00e4ndigen Kontakt mit ihnen standen, war die Aufregung nat\u00fcrlich noch gr\u00f6\u00dfer, als der Bus dann endlich in Sichtweite war. Wird mein Austauschpartner genauso sein, wie ich ihn durch das Schreiben kennengelernt habe? Reicht mein Franz\u00f6sisch f\u00fcr eine gute Verst\u00e4ndigung \u00fcberhaupt aus? Werden wir uns gut verstehen? All diese Gedanken schwirrten uns durch den Kopf, doch dann war es soweit. Die T\u00fcr ging auf und unsere Austauschpartner stiegen aus dem Bus. Das erste richtige Kennenlernen stand bevor und alle Sorgen um unsere Sprachkenntnisse waren schnell verflogen, als beim anschlie\u00dfenden gemeinsamen Abendessen schon die wichtigsten Dinge f\u00fcr das Zusammenleben in den n\u00e4chsten sieben Tagen besprochen wurden.<\/p>\n<p><strong>Mehr Unterschiede als gedacht&#8230;<\/strong><\/p>\n<p>Schnell entdeckten wir Unterschiede zwischen den Lebensweisen. Das Fr\u00fchst\u00fcck am n\u00e4chsten Morgen &#8211; f\u00fcr uns Deutsche eine der wichtigsten Mahlzeiten des Tages &#8211; wurde zum Teil von den Franzosen komplett ausgelassen, was uns Deutsche nat\u00fcrlich stutzig machte. Auch das Prinzip vom \u201ezweiten Fr\u00fchst\u00fcck\u201c musste unseren G\u00e4sten erst erkl\u00e4rt werden, denn dieses war in Frankreich v\u00f6llig unbekannt.<\/p>\n<p>Der restliche Tag wurde dann zum Erholen von der langen Reise genutzt, denn am 26. fand auch schon der erste gemeinsame Ausflug statt.<\/p>\n<p>Das Ziel war der Heidepark Soltau, denn dieser ist f\u00fcr die Franzosen immer ein besonderes Erlebnis. Doch beim Betreten des Parks tat sich f\u00fcr uns Gastgeber schon das erste Problem auf: da wir f\u00fcr die Verpflegung unserer Austauschpartner sorgen mussten, stellte sich uns die Frage, ob wir sie mit ihren Freunden essen lie\u00dfen oder uns doch nochmal f\u00fcr ein gemeinsames Essen an einem Ort treffen. Aus Angst vor Missverst\u00e4ndnissen haben wir ihnen unseren \u201ePlan\u201c dann mehrmals erkl\u00e4rt, bevor der Spa\u00df richtig losgehen konnte. Neben Achterbahnen, dem freien Fall und vielen anderen Attraktionen gab es so viel zu sehen, dass uns ein Tag zum Erkunden nat\u00fcrlich nicht gereicht hat. Ersch\u00f6pft und etwas traurig, den Park so fr\u00fch verlassen zu m\u00fcssen, stiegen wir nach einem erlebnisreichen Tag zur\u00fcck in die Busse und fuhren Richtung Heimat.<\/p>\n<p>Am Freitag stand der gemeinsame Tanzkurs bevor. Eine Tanzlehrerin kam und hat uns Party- und Paart\u00e4nze beigebracht. Wir haben uns pr\u00e4chtig am\u00fcsiert und freuten uns schon alle darauf, unsere neuen Tanzkenntnisse am Abend auf dem \u201esoir\u00e9e franco-allemande\u201c anwenden zu k\u00f6nnen. Und dies taten wir auch. Es wurde getanzt, gesungen und franz\u00f6sische bzw. deutsche Musik kennengelernt. Doch auch dieser Abend ging schnell zu Ende und auch, wenn wir alle gerne l\u00e4nger geblieben w\u00e4ren, k\u00f6nnen wir auf einen unvergesslichen Abend zur\u00fcckblicken.<\/p>\n<p>Das regnerische Wetter am Wochenende wurde dann f\u00fcr Aktivit\u00e4ten, wie beispielsweise Bowling oder einen einfachen Spieleabend genutzt. Beim Spielen von Stadt-Land-Fluss wurden auch direkt neue Vokabeln gelernt und auch so konnte man die andere Sprache auf eine ungew\u00f6hnliche Weise nochmal anders kennenlernen.<\/p>\n<p><strong>Die letzten gemeinsamen Stunden&#8230;<\/strong><\/p>\n<p>Am Montag, dem 30.09.2019 fand dann unser zweiter und letzter gemeinsamer Tagesausflug statt. Das erste Ziel lautete M\u00fcnster. Nach einer Stadtf\u00fchrung wurde die restliche Zeit in der Stadt verbracht. Die Franzosen konnten nochmal haufenweise Souvenirs kaufen und auch wir fanden in dem ein oder anderen Laden noch etwas Brauchbares. Nach ein paar netten Stunden in M\u00fcnster konnten wir nochmal die letzten Stunden mit unseren Austauschpartnern im Nettebad Osnabr\u00fcck verbringen. Aber auch diese Zeit ging schnell vorbei und so standen wir alle am n\u00e4chsten Morgen um 5 Uhr vor der Schule und haben die Franzosen auch schon wieder verabschiedet.<\/p>\n<p>Eine sch\u00f6ne Woche geht vorbei &#8211;<strong>\u201eLe temps passe trop vite\u201c<\/strong>.<\/p>\n","protected":false},"excerpt":{"rendered":"<p>l&#8217;\u00e9change franco-allemande \u2013&nbsp; &nbsp; &nbsp; &nbsp; &nbsp; &nbsp; &nbsp; &nbsp; &nbsp; &nbsp;ein R\u00fcckblick aus 2019 Alle Jahre wieder &#8211; doch dieses Jahr leider nicht&#8230; da der Austausch 2020 nicht stattfinden konnte, blicken wir einfach auf 2019 zur\u00fcck. Eine Woche voller &hellip; <a href=\"https:\/\/wordpress.nibis.de\/gymdamme\/437-2\/\">Weiterlesen <span class=\"meta-nav\">&rarr;<\/span><\/a><\/p>\n","protected":false},"author":9192822,"featured_media":0,"comment_status":"open","ping_status":"open","sticky":false,"template":"","format":"standard","meta":{"footnotes":""},"categories":[1],"tags":[],"class_list":["post-437","post","type-post","status-publish","format-standard","hentry","category-allgemein"],"_links":{"self":[{"href":"https:\/\/wordpress.nibis.de\/gymdamme\/wp-json\/wp\/v2\/posts\/437","targetHints":{"allow":["GET"]}}],"collection":[{"href":"https:\/\/wordpress.nibis.de\/gymdamme\/wp-json\/wp\/v2\/posts"}],"about":[{"href":"https:\/\/wordpress.nibis.de\/gymdamme\/wp-json\/wp\/v2\/types\/post"}],"author":[{"embeddable":true,"href":"https:\/\/wordpress.nibis.de\/gymdamme\/wp-json\/wp\/v2\/users\/9192822"}],"replies":[{"embeddable":true,"href":"https:\/\/wordpress.nibis.de\/gymdamme\/wp-json\/wp\/v2\/comments?post=437"}],"version-history":[{"count":6,"href":"https:\/\/wordpress.nibis.de\/gymdamme\/wp-json\/wp\/v2\/posts\/437\/revisions"}],"predecessor-version":[{"id":444,"href":"https:\/\/wordpress.nibis.de\/gymdamme\/wp-json\/wp\/v2\/posts\/437\/revisions\/444"}],"wp:attachment":[{"href":"https:\/\/wordpress.nibis.de\/gymdamme\/wp-json\/wp\/v2\/media?parent=437"}],"wp:term":[{"taxonomy":"category","embeddable":true,"href":"https:\/\/wordpress.nibis.de\/gymdamme\/wp-json\/wp\/v2\/categories?post=437"},{"taxonomy":"post_tag","embeddable":true,"href":"https:\/\/wordpress.nibis.de\/gymdamme\/wp-json\/wp\/v2\/tags?post=437"}],"curies":[{"name":"wp","href":"https:\/\/api.w.org\/{rel}","templated":true}]}}