{"id":540,"date":"2020-10-20T16:45:26","date_gmt":"2020-10-20T14:45:26","guid":{"rendered":"https:\/\/wordpress.nibis.de\/gymdamme\/?p=540"},"modified":"2020-10-21T08:38:26","modified_gmt":"2020-10-21T06:38:26","slug":"wir-sind-die-neuen","status":"publish","type":"post","link":"https:\/\/wordpress.nibis.de\/gymdamme\/wir-sind-die-neuen\/","title":{"rendered":"Wir sind die Neuen"},"content":{"rendered":"<p><strong>Neuer WPU-Kurs startet hochmotiviert ins neue Schuljahr<img loading=\"lazy\" decoding=\"async\" class=\"alignright size-medium wp-image-544\" src=\"https:\/\/wordpress.nibis.de\/gymdamme\/files\/2020\/10\/Interviewszene-300x224.jpg\" alt=\"\" width=\"300\" height=\"224\" srcset=\"https:\/\/wordpress.nibis.de\/gymdamme\/files\/2020\/10\/Interviewszene-300x224.jpg 300w, https:\/\/wordpress.nibis.de\/gymdamme\/files\/2020\/10\/Interviewszene-805x600.jpg 805w, https:\/\/wordpress.nibis.de\/gymdamme\/files\/2020\/10\/Interviewszene-768x572.jpg 768w, https:\/\/wordpress.nibis.de\/gymdamme\/files\/2020\/10\/Interviewszene-1536x1145.jpg 1536w, https:\/\/wordpress.nibis.de\/gymdamme\/files\/2020\/10\/Interviewszene-2048x1526.jpg 2048w\" sizes=\"auto, (max-width: 300px) 100vw, 300px\" \/><\/strong><\/p>\n<p>Das Gymnasium Damme hat seit Ende August einen neuen Wahlpflichtunterricht Deutsch: Journalismus. Dieser besteht aus 18 M\u00e4dchen und acht Jungen, die aus allen Klassen des achten Jahrgangs kommen und sich f\u00fcr Journalismus interessieren. Als Journalist muss man Texte schreiben, Bilder machen und Filme drehen. Diese ver\u00f6ffentlicht man dann, um Informationen \u00fcber verschiedene Themen zu bieten, um \u00fcber Sachverhalte aufzukl\u00e4ren und Klarheit zu verschaffen.<\/p>\n<p><strong><img loading=\"lazy\" decoding=\"async\" class=\"alignleft size-medium wp-image-542\" src=\"https:\/\/wordpress.nibis.de\/gymdamme\/files\/2020\/10\/An-texten-arbeiten-300x252.jpg\" alt=\"\" width=\"300\" height=\"252\" srcset=\"https:\/\/wordpress.nibis.de\/gymdamme\/files\/2020\/10\/An-texten-arbeiten-300x252.jpg 300w, https:\/\/wordpress.nibis.de\/gymdamme\/files\/2020\/10\/An-texten-arbeiten-713x600.jpg 713w, https:\/\/wordpress.nibis.de\/gymdamme\/files\/2020\/10\/An-texten-arbeiten-768x646.jpg 768w, https:\/\/wordpress.nibis.de\/gymdamme\/files\/2020\/10\/An-texten-arbeiten-1536x1292.jpg 1536w, https:\/\/wordpress.nibis.de\/gymdamme\/files\/2020\/10\/An-texten-arbeiten-2048x1723.jpg 2048w\" sizes=\"auto, (max-width: 300px) 100vw, 300px\" \/>Viele Ideen<\/strong><\/p>\n<p>Die Sch\u00fcler m\u00f6chten vor allem die verschiedenen Textformen des Journalismus besser kennenlernen und Filme zu verschieden Themen drehen. Ideen f\u00fcr Projekte wurden zwar schon gesammelt, es muss jedoch noch geschaut werden, welche Projekte sich aufgrund der jetzigen Situation umsetzen lassen k\u00f6nnen. Ein vorgeschlagenes Projekt war zum Beispiel ein Interview mit dem B\u00fcrgermeister. Eigentlich wollten wir auch Umfragen machen und die neuen Sch\u00fcler, die auf die Schule kommen, interviewen, was leider alles nicht <img loading=\"lazy\" decoding=\"async\" class=\"alignright size-medium wp-image-543\" src=\"https:\/\/wordpress.nibis.de\/gymdamme\/files\/2020\/10\/IMG_0023-223x300.jpg\" alt=\"\" width=\"223\" height=\"300\" srcset=\"https:\/\/wordpress.nibis.de\/gymdamme\/files\/2020\/10\/IMG_0023-223x300.jpg 223w, https:\/\/wordpress.nibis.de\/gymdamme\/files\/2020\/10\/IMG_0023-446x600.jpg 446w, https:\/\/wordpress.nibis.de\/gymdamme\/files\/2020\/10\/IMG_0023-768x1032.jpg 768w, https:\/\/wordpress.nibis.de\/gymdamme\/files\/2020\/10\/IMG_0023-1143x1536.jpg 1143w, https:\/\/wordpress.nibis.de\/gymdamme\/files\/2020\/10\/IMG_0023-1523x2048.jpg 1523w, https:\/\/wordpress.nibis.de\/gymdamme\/files\/2020\/10\/IMG_0023-scaled.jpg 1904w\" sizes=\"auto, (max-width: 223px) 100vw, 223px\" \/>m\u00f6glich ist, da wir uns gerade in der Covid-19 Pandemie (ein weltweit vertretener Virus) befinden. Allerdings k\u00f6nnen wir vielleicht Filme drehen und Umfragen mit Abstand und Maske evtl. doch durchf\u00fchren.<br \/>\nWir hoffen, dass sich die Situation bald verbessert und wir vielleicht doch noch demn\u00e4chst einen neuen Jahrgang journalistisch begleiten k\u00f6nnen oder sonstige journalistische Dinge tun k\u00f6nnen.<br \/>\nAuch wenn man derzeit in einem zudem nur einst\u00fcndigen Kurs nicht so viele gro\u00dfe Projekte umsetzen kann, werdet ihr sicher noch viel von uns h\u00f6ren. Liebe Gr\u00fc\u00dfe aus dem WPU-Kurs Deutsch Journalismus aus dem Jahrgang 8!<\/p>\n<p><em>Von Karina S. und Martin G.<\/em><\/p>\n","protected":false},"excerpt":{"rendered":"<p>Neuer WPU-Kurs startet hochmotiviert ins neue Schuljahr Das Gymnasium Damme hat seit Ende August einen neuen Wahlpflichtunterricht Deutsch: Journalismus. Dieser besteht aus 18 M\u00e4dchen und acht Jungen, die aus allen Klassen des achten Jahrgangs kommen und sich f\u00fcr Journalismus interessieren. &hellip; <a href=\"https:\/\/wordpress.nibis.de\/gymdamme\/wir-sind-die-neuen\/\">Weiterlesen <span class=\"meta-nav\">&rarr;<\/span><\/a><\/p>\n","protected":false},"author":9192822,"featured_media":0,"comment_status":"open","ping_status":"open","sticky":false,"template":"","format":"standard","meta":{"footnotes":""},"categories":[1],"tags":[],"class_list":["post-540","post","type-post","status-publish","format-standard","hentry","category-allgemein"],"_links":{"self":[{"href":"https:\/\/wordpress.nibis.de\/gymdamme\/wp-json\/wp\/v2\/posts\/540","targetHints":{"allow":["GET"]}}],"collection":[{"href":"https:\/\/wordpress.nibis.de\/gymdamme\/wp-json\/wp\/v2\/posts"}],"about":[{"href":"https:\/\/wordpress.nibis.de\/gymdamme\/wp-json\/wp\/v2\/types\/post"}],"author":[{"embeddable":true,"href":"https:\/\/wordpress.nibis.de\/gymdamme\/wp-json\/wp\/v2\/users\/9192822"}],"replies":[{"embeddable":true,"href":"https:\/\/wordpress.nibis.de\/gymdamme\/wp-json\/wp\/v2\/comments?post=540"}],"version-history":[{"count":5,"href":"https:\/\/wordpress.nibis.de\/gymdamme\/wp-json\/wp\/v2\/posts\/540\/revisions"}],"predecessor-version":[{"id":548,"href":"https:\/\/wordpress.nibis.de\/gymdamme\/wp-json\/wp\/v2\/posts\/540\/revisions\/548"}],"wp:attachment":[{"href":"https:\/\/wordpress.nibis.de\/gymdamme\/wp-json\/wp\/v2\/media?parent=540"}],"wp:term":[{"taxonomy":"category","embeddable":true,"href":"https:\/\/wordpress.nibis.de\/gymdamme\/wp-json\/wp\/v2\/categories?post=540"},{"taxonomy":"post_tag","embeddable":true,"href":"https:\/\/wordpress.nibis.de\/gymdamme\/wp-json\/wp\/v2\/tags?post=540"}],"curies":[{"name":"wp","href":"https:\/\/api.w.org\/{rel}","templated":true}]}}