{"id":739,"date":"2021-07-14T11:20:43","date_gmt":"2021-07-14T09:20:43","guid":{"rendered":"https:\/\/wordpress.nibis.de\/gymdamme\/?p=739"},"modified":"2021-07-14T11:23:26","modified_gmt":"2021-07-14T09:23:26","slug":"was-macht-corona-mit-palliativmedizinern","status":"publish","type":"post","link":"https:\/\/wordpress.nibis.de\/gymdamme\/was-macht-corona-mit-palliativmedizinern\/","title":{"rendered":"Was macht Corona mit Palliativmedizinern?"},"content":{"rendered":"<p>Stephan Kosiol hat in seinem Leben Erfahrung als Facharzt f\u00fcr Anesthology gesammelt und<img loading=\"lazy\" decoding=\"async\" class=\"alignright wp-image-741 size-medium\" src=\"https:\/\/wordpress.nibis.de\/gymdamme\/files\/2021\/07\/Stephan-Kosiol-250x300.jpeg\" alt=\"\" width=\"250\" height=\"300\" srcset=\"https:\/\/wordpress.nibis.de\/gymdamme\/files\/2021\/07\/Stephan-Kosiol-250x300.jpeg 250w, https:\/\/wordpress.nibis.de\/gymdamme\/files\/2021\/07\/Stephan-Kosiol-500x600.jpeg 500w, https:\/\/wordpress.nibis.de\/gymdamme\/files\/2021\/07\/Stephan-Kosiol-768x922.jpeg 768w, https:\/\/wordpress.nibis.de\/gymdamme\/files\/2021\/07\/Stephan-Kosiol.jpeg 809w\" sizes=\"auto, (max-width: 250px) 100vw, 250px\" \/> ist seit mehreren Jahren Palliativmedziner. Er&nbsp;versorgt ambulant Palliativpatienten, das hei\u00dft, dass er Patienten in letzter Lebensphase mit Beschwerden wie zum Beispiel Luftnot, Schmerzen, \u00dcbelkeit und Erbrechen zuhause versorgt (Medikamente etc.).<\/p>\n<p>Auf die Frage, was sich durch Covid-19 ver\u00e4ndert hat, sagt er, dass weniger Patienten in Krankenh\u00e4user gehen. Zudem bemerkt er, wie viele einen schwereren Verlauf von Demenz wegen Corona-Ma\u00dfnahmen haben: \u201eAuff\u00e4llig viele demente Patienten in Pflegeheimen vermissen mangelnde Herausforderungen (physisch und psychisch), dies kann zu einem schneller voranschreitenden Verlauf f\u00fchren, der auch schneller zum Tod f\u00fchrt\u201d. Der Umgang mit Patienten sei gleichgeblieben. Auf die Frage, was sich durch Covid-19 verbessert hat, antwortet Kosiol: \u201eNichts\u201d.&nbsp; Als ich frage, ob er denkt, dass Corona seine Arbeit einschr\u00e4nkt, meint er, dass er viele Einschr\u00e4nkungen erwartet habe, jedoch diese nicht eingetroffen seien. Die einzigen Ver\u00e4nderungen waren, dass er nicht in Pflegeheime hereingelassen wurde und er sich mehrfach testen musste.<\/p>\n<p>Ver\u00e4ndern w\u00fcrde Stephan Kosiol, er w\u00fcrde gerne die Politiker und Verwaltungsbeamte zur Rechenschaft ziehen, da er sagt: \u201eDurch die Corona Ma\u00dfnahmen sind mehr Menschen gestorben als durch Corona selbst\u201d. Abschlie\u00dfend bemerkt Der Mediziner noch, dass Patienten Angst h\u00e4tten, eine gesch\u00fcrte Angst der Medien durch aus dem Kontext gezogene Informationen.<\/p>\n<p>Von Gerrit Kosiol<\/p>\n","protected":false},"excerpt":{"rendered":"<p>Stephan Kosiol hat in seinem Leben Erfahrung als Facharzt f\u00fcr Anesthology gesammelt und ist seit mehreren Jahren Palliativmedziner. Er&nbsp;versorgt ambulant Palliativpatienten, das hei\u00dft, dass er Patienten in letzter Lebensphase mit Beschwerden wie zum Beispiel Luftnot, Schmerzen, \u00dcbelkeit und Erbrechen zuhause &hellip; <a href=\"https:\/\/wordpress.nibis.de\/gymdamme\/was-macht-corona-mit-palliativmedizinern\/\">Weiterlesen <span class=\"meta-nav\">&rarr;<\/span><\/a><\/p>\n","protected":false},"author":9192822,"featured_media":0,"comment_status":"closed","ping_status":"closed","sticky":false,"template":"","format":"standard","meta":{"footnotes":""},"categories":[1],"tags":[],"class_list":["post-739","post","type-post","status-publish","format-standard","hentry","category-allgemein"],"_links":{"self":[{"href":"https:\/\/wordpress.nibis.de\/gymdamme\/wp-json\/wp\/v2\/posts\/739","targetHints":{"allow":["GET"]}}],"collection":[{"href":"https:\/\/wordpress.nibis.de\/gymdamme\/wp-json\/wp\/v2\/posts"}],"about":[{"href":"https:\/\/wordpress.nibis.de\/gymdamme\/wp-json\/wp\/v2\/types\/post"}],"author":[{"embeddable":true,"href":"https:\/\/wordpress.nibis.de\/gymdamme\/wp-json\/wp\/v2\/users\/9192822"}],"replies":[{"embeddable":true,"href":"https:\/\/wordpress.nibis.de\/gymdamme\/wp-json\/wp\/v2\/comments?post=739"}],"version-history":[{"count":3,"href":"https:\/\/wordpress.nibis.de\/gymdamme\/wp-json\/wp\/v2\/posts\/739\/revisions"}],"predecessor-version":[{"id":744,"href":"https:\/\/wordpress.nibis.de\/gymdamme\/wp-json\/wp\/v2\/posts\/739\/revisions\/744"}],"wp:attachment":[{"href":"https:\/\/wordpress.nibis.de\/gymdamme\/wp-json\/wp\/v2\/media?parent=739"}],"wp:term":[{"taxonomy":"category","embeddable":true,"href":"https:\/\/wordpress.nibis.de\/gymdamme\/wp-json\/wp\/v2\/categories?post=739"},{"taxonomy":"post_tag","embeddable":true,"href":"https:\/\/wordpress.nibis.de\/gymdamme\/wp-json\/wp\/v2\/tags?post=739"}],"curies":[{"name":"wp","href":"https:\/\/api.w.org\/{rel}","templated":true}]}}