{"id":981,"date":"2023-07-04T15:59:05","date_gmt":"2023-07-04T13:59:05","guid":{"rendered":"https:\/\/wordpress.nibis.de\/gymdamme\/?p=981"},"modified":"2023-07-04T16:00:03","modified_gmt":"2023-07-04T14:00:03","slug":"cru-christlicher-religionsunterricht","status":"publish","type":"post","link":"https:\/\/wordpress.nibis.de\/gymdamme\/cru-christlicher-religionsunterricht\/","title":{"rendered":"CRU &#8211; Christlicher Religionsunterricht"},"content":{"rendered":"\n<p><\/p>\n\n\n<p><img loading=\"lazy\" decoding=\"async\" class=\"alignleft size-medium wp-image-980\" src=\"https:\/\/wordpress.nibis.de\/gymdamme\/files\/2023\/07\/FOTO_CRU-284x300.jpeg\" alt=\"\" width=\"284\" height=\"300\" srcset=\"https:\/\/wordpress.nibis.de\/gymdamme\/files\/2023\/07\/FOTO_CRU-284x300.jpeg 284w, https:\/\/wordpress.nibis.de\/gymdamme\/files\/2023\/07\/FOTO_CRU-568x600.jpeg 568w, https:\/\/wordpress.nibis.de\/gymdamme\/files\/2023\/07\/FOTO_CRU-768x811.jpeg 768w, https:\/\/wordpress.nibis.de\/gymdamme\/files\/2023\/07\/FOTO_CRU.jpeg 1387w\" sizes=\"auto, (max-width: 284px) 100vw, 284px\" \/><\/p>\n\n<p>CRU &#8211; Christlicher Religionsunterricht, so wird es demn\u00e4chst in Niedersachsen auf dem Stundenplan stehen. Die beiden gro\u00dfen Kirchen in Deutschland planen, den Religionsunterricht gemeinsam zu organisieren, die Trennung nach &#8222;evangelisch&#8220; und &#8222;katholisch&#8220; f\u00e4llt weg. Was bedeutet dies f\u00fcr die Sch\u00fcler und Lehrer und wann geht es endlich los mit dem CRU? Ein von der Klasse 8a erstelltes Radiofeature beantwortet die wichtigsten Fragen.<\/p>\n<audio class=\"wp-audio-shortcode\" id=\"audio-981-1\" preload=\"none\" style=\"width: 100%;\" controls=\"controls\"><source type=\"audio\/mpeg\" src=\"https:\/\/wordpress.nibis.de\/gymdamme\/files\/2023\/07\/CRU_Das-Radiofeature.mp3?_=1\" \/><a href=\"https:\/\/wordpress.nibis.de\/gymdamme\/files\/2023\/07\/CRU_Das-Radiofeature.mp3\">https:\/\/wordpress.nibis.de\/gymdamme\/files\/2023\/07\/CRU_Das-Radiofeature.mp3<\/a><\/audio>\n\n<p><a href=\"https:\/\/wordpress.nibis.de\/gymdamme\/files\/2023\/07\/0_Skript-zum-Radiofeature-CRU.pdf\">0_Skript zum Radiofeature CRU<\/a> (pdf)<\/p>","protected":false},"excerpt":{"rendered":"<p>CRU &#8211; Christlicher Religionsunterricht, so wird es demn\u00e4chst in Niedersachsen auf dem Stundenplan stehen. Die beiden gro\u00dfen Kirchen in Deutschland planen, den Religionsunterricht gemeinsam zu organisieren, die Trennung nach &#8222;evangelisch&#8220; und &#8222;katholisch&#8220; f\u00e4llt weg. Was bedeutet dies f\u00fcr die Sch\u00fcler &hellip; <a href=\"https:\/\/wordpress.nibis.de\/gymdamme\/cru-christlicher-religionsunterricht\/\">Weiterlesen <span class=\"meta-nav\">&rarr;<\/span><\/a><\/p>\n","protected":false},"author":9192822,"featured_media":0,"comment_status":"open","ping_status":"open","sticky":false,"template":"","format":"standard","meta":{"footnotes":""},"categories":[1],"tags":[],"class_list":["post-981","post","type-post","status-publish","format-standard","hentry","category-allgemein"],"_links":{"self":[{"href":"https:\/\/wordpress.nibis.de\/gymdamme\/wp-json\/wp\/v2\/posts\/981","targetHints":{"allow":["GET"]}}],"collection":[{"href":"https:\/\/wordpress.nibis.de\/gymdamme\/wp-json\/wp\/v2\/posts"}],"about":[{"href":"https:\/\/wordpress.nibis.de\/gymdamme\/wp-json\/wp\/v2\/types\/post"}],"author":[{"embeddable":true,"href":"https:\/\/wordpress.nibis.de\/gymdamme\/wp-json\/wp\/v2\/users\/9192822"}],"replies":[{"embeddable":true,"href":"https:\/\/wordpress.nibis.de\/gymdamme\/wp-json\/wp\/v2\/comments?post=981"}],"version-history":[{"count":3,"href":"https:\/\/wordpress.nibis.de\/gymdamme\/wp-json\/wp\/v2\/posts\/981\/revisions"}],"predecessor-version":[{"id":984,"href":"https:\/\/wordpress.nibis.de\/gymdamme\/wp-json\/wp\/v2\/posts\/981\/revisions\/984"}],"wp:attachment":[{"href":"https:\/\/wordpress.nibis.de\/gymdamme\/wp-json\/wp\/v2\/media?parent=981"}],"wp:term":[{"taxonomy":"category","embeddable":true,"href":"https:\/\/wordpress.nibis.de\/gymdamme\/wp-json\/wp\/v2\/categories?post=981"},{"taxonomy":"post_tag","embeddable":true,"href":"https:\/\/wordpress.nibis.de\/gymdamme\/wp-json\/wp\/v2\/tags?post=981"}],"curies":[{"name":"wp","href":"https:\/\/api.w.org\/{rel}","templated":true}]}}