{"id":4102,"date":"2021-03-20T11:42:00","date_gmt":"2021-03-20T10:42:00","guid":{"rendered":"https:\/\/wordpress.nibis.de\/gymharen\/?p=4102"},"modified":"2021-05-04T15:53:19","modified_gmt":"2021-05-04T13:53:19","slug":"informationen-zur-wahl-der-zweiten-fremdsprache","status":"publish","type":"post","link":"https:\/\/wordpress.nibis.de\/gymharen\/informationen-zur-wahl-der-zweiten-fremdsprache\/","title":{"rendered":"Informationen zur Wahl der zweiten Fremdsprache"},"content":{"rendered":"\n<h2 class=\"wp-block-heading\">Latein<\/h2>\n\n\n\n<p><strong>Liebe Sch\u00fclerinnen und Sch\u00fcler des Jahrgangs 5,<\/strong> <\/p>\n\n\n\n<p>hier m\u00f6chten wir euch zeigen, wie vielf\u00e4ltig und spannend Latein am Gymnasium Haren ist!<\/p>\n\n\n\n<div class=\"wp-block-image\"><figure class=\"alignright size-large is-resized\"><img loading=\"lazy\" decoding=\"async\" src=\"https:\/\/wordpress.nibis.de\/gymharen\/files\/2021\/05\/salve.png\" alt=\"\" class=\"wp-image-4104\" width=\"242\" height=\"195\" srcset=\"https:\/\/wordpress.nibis.de\/gymharen\/files\/2021\/05\/salve.png 484w, https:\/\/wordpress.nibis.de\/gymharen\/files\/2021\/05\/salve-175x141.png 175w, https:\/\/wordpress.nibis.de\/gymharen\/files\/2021\/05\/salve-300x240.png 300w\" sizes=\"auto, (max-width: 242px) 100vw, 242px\" \/><\/figure><\/div>\n\n\n\n<ul class=\"wp-block-list\"><li>Bestimmt wusstet Ihr noch nicht, dass Ihr schon jetzt jeden Tag zu Hause und auch unterwegs Latein sprecht.<\/li><li>Bestimmt wusstet Ihr auch nicht, dass Ihr die R\u00f6mer sogar heute noch in Deutschland treffen k\u00f6nnt! Zusammen mit uns fahrt Ihr z.B. nach Xanten und Kalkriese \u2013 oder ihr nehmt am Italien-Austausch teil.<\/li><\/ul>\n\n\n\n<p><br>Klickt auf folgenden <strong>Link<\/strong> und lasst Euch <strong>Einblicke<\/strong> in das wohl <strong>abwechslungsreichste Fach<\/strong> am Gymnasium geben:<\/p>\n\n\n\n<p><a href=\"https:\/\/padlet.com\/ChristinaRohe\/eqhin00727opwyoc\">https:\/\/padlet.com\/ChristinaRohe\/eqhin00727opwyoc<\/a><\/p>\n\n\n\n<p>Oder nutzt folgenden QR Code:<\/p>\n\n\n\n<figure class=\"wp-block-image size-full is-resized\"><img loading=\"lazy\" decoding=\"async\" src=\"https:\/\/wordpress.nibis.de\/gymharen\/files\/2021\/05\/qr.png\" alt=\"\" class=\"wp-image-4103\" width=\"200\" height=\"200\" srcset=\"https:\/\/wordpress.nibis.de\/gymharen\/files\/2021\/05\/qr.png 1280w, https:\/\/wordpress.nibis.de\/gymharen\/files\/2021\/05\/qr-1024x1024.png 1024w, https:\/\/wordpress.nibis.de\/gymharen\/files\/2021\/05\/qr-141x141.png 141w, https:\/\/wordpress.nibis.de\/gymharen\/files\/2021\/05\/qr-768x768.png 768w\" sizes=\"auto, (max-width: 200px) 100vw, 200px\" \/><\/figure>\n\n\n\n<hr class=\"wp-block-separator\" \/>\n\n\n\n<h2 class=\"wp-block-heading\">Franz\u00f6sisch<\/h2>\n\n\n\n<div class=\"wp-block-image\"><figure class=\"alignright size-large is-resized\"><img loading=\"lazy\" decoding=\"async\" src=\"https:\/\/wordpress.nibis.de\/gymharen\/files\/2021\/05\/salut.png\" alt=\"\" class=\"wp-image-4107\" width=\"275\" height=\"201\" srcset=\"https:\/\/wordpress.nibis.de\/gymharen\/files\/2021\/05\/salut.png 594w, https:\/\/wordpress.nibis.de\/gymharen\/files\/2021\/05\/salut-193x141.png 193w\" sizes=\"auto, (max-width: 275px) 100vw, 275px\" \/><\/figure><\/div>\n\n\n\n<p>Liebe Eltern,<\/p>\n\n\n\n<p>gemeinsam mit Ihrem Kind stehen Sie nun am Ende des Schuljahres vor der Wahl der zweiten Fremdsprache &#8211; Latein oder Franz\u00f6sisch.<br>Wenn Sie m\u00f6chten, dass Ihr Kind nach Englisch eine weitere lebendige, moderne Sprache lernen soll, dann kann Ihre Wahl nur auf Franz\u00f6sisch fallen. Die Sprache unseres Nachbarlandes geh\u00f6rt mit mehr als 200 Millionen Menschen weltweit, die sie als Mutter- oder Zweitsprache sprechen, zu den meist gesprochenen Sprachen. In Europa ist Franz\u00f6sisch die Muttersprache von mehr als 70 Millionen Menschen und liegt damit nach Deutsch an zweiter Stelle. Zudem sollte nach Empfehlungen des Europarates jeder B\u00fcrger m\u00f6glichst zwei lebende Sprachen sprechen. Was k\u00f6nnte dann n\u00e4herliegen, als Franz\u00f6sisch zu lernen?<\/p>\n\n\n\n<p><strong>Welche Vorteile bietet Franz\u00f6sisch Ihrem Kind?<\/strong><\/p>\n\n\n\n<p><span style=\"text-decoration: underline\">Partnerland Frankreich<\/span><br>Frankreich ist das zweitgr\u00f6\u00dfte Industrieland Europas und der wichtigste Handelspartner Deutschlands. Deshalb ist Franz\u00f6sisch aus der heutigen Arbeitswelt nicht mehr wegzudenken, sodass der Gebrauch der Sprache bereits jetzt in vielen Berufsfeldern zum Alltag geh\u00f6rt. Insbesondere bei den Anforderungen f\u00fcr h\u00f6her qualifizierte Stellen gilt: Englisch wird vorausgesetzt, Franz\u00f6sisch ist der Bonus!<\/p>\n\n\n\n<p>Zwischen Frankreich und Deutschland bestehen nicht nur enge wirtschaftliche, sondern auch historische und kulturelle Verbindungen. Dies gilt in ganz besonderer Weise auch f\u00fcr unsere Stadt: Die St\u00e4dtepartnerschaft zwischen Haren und Andr\u00e9sy besteht nunmehr seit \u00fcber 30 Jahren! Neue Freundschaften lassen sich am besten schlie\u00dfen, wenn man versucht, die Sprache des Anderen zu sprechen.<\/p>\n\n\n\n<p><span style=\"text-decoration: underline\">Reiseland Frankreich<\/span><br>Unser Nachbar ist das von ausl\u00e4ndischen Touristen meistbesuchte Urlaubsland der Welt. \u00dcber 12 Millionen Deutsche verbringen jedes Jahr ihren Urlaub zwischen der Atlantikk\u00fcste, der C\u00f4te d\u2019Azur und den Alpen. Bei einer Urlaubsreise nach Frankreich k\u00f6nnen Sie und Ihr Kind sich von der franz\u00f6sischen Gastfreundschaft \u00fcberzeugen. Erleben Sie, wie stolz Ihr Kind sein wird, wenn es la baguette oder le croissant in der boulangerie selbst auf Franz\u00f6sisch kaufen kann.<\/p>\n\n\n\n<p><span style=\"text-decoration: underline\">Weltsprache Franz\u00f6sisch<\/span><br>Nicht nur in der Arbeits- und Berufswelt spielt Franz\u00f6sisch aktuell eine bedeutende Rolle, sie ist zugleich auch Arbeitssprache in fast allen internationalen Organisationen, wie der UNO, der UNESCO und dem Europarat.<br>Deshalb bietet das Gymnasium Haren Ihrem Kind die M\u00f6glichkeit, sich im Rahmen einer Arbeitsgemeinschaft ab der 8. Klasse auf das franz\u00f6sische Sprachdiplom DELF vorzubereiten. Es bescheinigt stufenweise die Franz\u00f6sischkenntnisse und wird in frankophonen L\u00e4ndern bei Bewerbungen anerkannt.<\/p>\n\n\n\n<p><span style=\"text-decoration: underline\">Lebendiger Franz\u00f6sischunterricht<br><\/span>Der moderne Franz\u00f6sischunterricht stellt die Kommunikation in den Mittelpunkt. Somit erfordert die erfolgreiche Mitarbeit in der Schule nicht nur h\u00e4uslichen Flei\u00df und Disziplin beim Vokabellernen, sondern vor allem Freude am Sprechen einer modernen Fremdsprache und Kontaktfreudigkeit. Das sind die besten Voraussetzungen f\u00fcr eine erfolgreiche Mitarbeit Ihres Kindes.<\/p>\n\n\n\n<p>Dies sind nur einige Gr\u00fcnde, die f\u00fcr Franz\u00f6sisch als zweite Fremdsprache sprechen. Denkt man zudem an die Bedeutung der Sprache f\u00fcr die Welt der Mode und der Kochkunst oder des Kinos und der Literatur, lie\u00dfen sich noch zahlreiche weitere Gr\u00fcnde aufz\u00e4hlen, die ich Ihnen gern in einem pers\u00f6nlichen Gespr\u00e4ch n\u00e4herbringe.<\/p>\n\n\n\n<p>Dazu k\u00f6nnen Sie mit mir jederzeit gern in Kontakt treten, entweder per E-Mail (&#x74;&#104;o&#x72;&#115;&#116;&#x65;&#x6e;&#46;v&#x6f;&#103;e&#x6c;&#x40;&#103;y&#x6d;&#104;a&#x72;&#x65;&#110;&#46;&#x64;&#101;) oder \u00fcber das Sekretariat des Gymnasiums (05932\/710990).<\/p>\n\n\n\n<p>Die Kolleginnen der Fachgruppe Franz\u00f6sisch und ich w\u00fcrden uns freuen, Ihr Kind nach den Sommerferien mit \u201eBonjour!\u201c begr\u00fc\u00dfen zu d\u00fcrfen.<\/p>\n\n\n\n<p><em>Mit freundlichen Gr\u00fc\u00dfen<\/em><br>Thorsten Vogel<br>Fachobmann Franz\u00f6sisch<\/p>\n","protected":false},"excerpt":{"rendered":"<p>Latein Liebe Sch\u00fclerinnen und Sch\u00fcler des Jahrgangs 5, hier m\u00f6chten wir euch zeigen, wie vielf\u00e4ltig und spannend Latein am Gymnasium Haren ist! Bestimmt wusstet Ihr noch nicht, dass Ihr schon jetzt jeden Tag zu Hause und auch unterwegs Latein sprecht.<\/p>\n","protected":false},"author":1256,"featured_media":4106,"comment_status":"closed","ping_status":"closed","sticky":false,"template":"","format":"standard","meta":{"footnotes":""},"categories":[1,19,20],"tags":[],"class_list":["post-4102","post","type-post","status-publish","format-standard","has-post-thumbnail","hentry","category-allgemein","category-franzoesisch","category-latein"],"_links":{"self":[{"href":"https:\/\/wordpress.nibis.de\/gymharen\/wp-json\/wp\/v2\/posts\/4102","targetHints":{"allow":["GET"]}}],"collection":[{"href":"https:\/\/wordpress.nibis.de\/gymharen\/wp-json\/wp\/v2\/posts"}],"about":[{"href":"https:\/\/wordpress.nibis.de\/gymharen\/wp-json\/wp\/v2\/types\/post"}],"author":[{"embeddable":true,"href":"https:\/\/wordpress.nibis.de\/gymharen\/wp-json\/wp\/v2\/users\/1256"}],"replies":[{"embeddable":true,"href":"https:\/\/wordpress.nibis.de\/gymharen\/wp-json\/wp\/v2\/comments?post=4102"}],"version-history":[{"count":2,"href":"https:\/\/wordpress.nibis.de\/gymharen\/wp-json\/wp\/v2\/posts\/4102\/revisions"}],"predecessor-version":[{"id":4108,"href":"https:\/\/wordpress.nibis.de\/gymharen\/wp-json\/wp\/v2\/posts\/4102\/revisions\/4108"}],"wp:featuredmedia":[{"embeddable":true,"href":"https:\/\/wordpress.nibis.de\/gymharen\/wp-json\/wp\/v2\/media\/4106"}],"wp:attachment":[{"href":"https:\/\/wordpress.nibis.de\/gymharen\/wp-json\/wp\/v2\/media?parent=4102"}],"wp:term":[{"taxonomy":"category","embeddable":true,"href":"https:\/\/wordpress.nibis.de\/gymharen\/wp-json\/wp\/v2\/categories?post=4102"},{"taxonomy":"post_tag","embeddable":true,"href":"https:\/\/wordpress.nibis.de\/gymharen\/wp-json\/wp\/v2\/tags?post=4102"}],"curies":[{"name":"wp","href":"https:\/\/api.w.org\/{rel}","templated":true}]}}