{"id":4548,"date":"2022-02-01T20:15:11","date_gmt":"2022-02-01T19:15:11","guid":{"rendered":"https:\/\/wordpress.nibis.de\/gymharen\/?p=4548"},"modified":"2022-09-12T09:22:57","modified_gmt":"2022-09-12T07:22:57","slug":"herzlich-willkommen-dunja-gerdes-ist-die-neue-schulleiterin-am-gymnasium-haren","status":"publish","type":"post","link":"https:\/\/wordpress.nibis.de\/gymharen\/herzlich-willkommen-dunja-gerdes-ist-die-neue-schulleiterin-am-gymnasium-haren\/","title":{"rendered":"Herzlich willkommen: Dunja Gerdes ist die neue Schulleiterin am Gymnasium Haren"},"content":{"rendered":"\n<p>Nach einem turbulenten halben Jahr unter der engagierten und professionellen kommissarischen Leitung von Herrn Herding und dem Schulleitungsteam mit Herrn Schniers und Herrn R\u00fclander hat unsere Schule nun eine neue Schulleiterin: Wir freuen uns, dass Frau Dunja Gerdes die Aufgabe zum 01.02.2022 \u00fcbernimmt.<\/p>\n\n\n\n<p>In Haren ist Frau Gerdes nicht unbekannt. Sie ist geb\u00fcrtige Harenerin und hat bereits viele Jahre am Harener Gymnasium unterrichtet. Das Referendariat mit den F\u00e4chern Deutsch und Katholische Religion absolvierte sie hier bereits von 1999 bis 2001. Nach kurzen Eins\u00e4tzen an Gymnasien in Meppen, Lingen und Papenburg unterrichtete sie Latein, Katholische Religion und Deutsch in Haren von 2005 bis 2018 und war in dieser Zeit neben dem eigentlichen Unterricht vielf\u00e4ltig in der Schule engagiert. Nach einem Auslandsaufenthalt in Namibia 2016\/2017 mit Einsatz an der dortigen Deutschen Schule in Windhoek wechselte Frau Gerdes an das Windthorst-Gymnasium in Meppen. &nbsp;Zudem war sie seit 2013 am Studienseminar Meppen in der Ausbildung f\u00fcr die Referendarinnen und Referendare im Fach Deutsch und seit 2018 in Katholischer Religion verantwortlich.<\/p>\n\n\n\n<p>Nach diesen umfangreichen Erfahrungen im Unterricht und in der Seminarausbildung freut Frau Gerdes sich sehr auf die neue Aufgabe an \u201eihrem\u201c Heimatgymnasium und darauf, die damit verbundenen Herausforderungen zu \u00fcbernehmen. Was ist ihr besonders wichtig? \u201eDer Bildungsauftrag ist der Kern der Arbeit. Das wichtigste Ziel ist, die Sch\u00fclerinnen und Sch\u00fcler auf ihrem Weg hin zu verantwortungsbewussten und kompetenten Individuen fachkundig sowie professionell zu begleiten.\u201c Ihr Eindruck von der Schulgemeinschaft ist ausgesprochen positiv: \u201eDas Gymnasium Haren ist eine gute Schule.\u201c, ist sich Frau Gerdes sicher. \u201eIch kann auf ein solides Fundament und viel Engagement bauen.\u201c Ob Theaterauff\u00fchrungen, Solidarit\u00e4tsaktionen, digitale Weihnachtskonzerte oder die Sch\u00fclerfirma mit dem neuen plattdeutschen Projekt \u2013 trotz der Belastung durch die Coronapandemie zeigt sich ein abwechslungsreiches und lebendiges Engagement bei Sch\u00fclerinnen und Sch\u00fclern, der Elternschaft und dem Kollegium. Der Umgang miteinander ist dabei offen und respektvoll. Die Verantwortung zu \u00fcbernehmen, hei\u00dft f\u00fcr Frau Gerdes, Bew\u00e4hrtes und Innovatives zu verbinden: Neue Wege gehen, aber dabei Gutes bewahren. Visionen haben und gemeinsam umsetzen. F\u00fcr das Kollegium wie auch f\u00fcr die Sch\u00fclerinnen und Sch\u00fcler sowie die Eltern eine vertrauensvolle und zuverl\u00e4ssige Ansprechpartnerin sein. Mit der fortschreitenden Digitalisierung des Schulalltags, der umfassenden Neugestaltung des Schulhofs und dem anstehenden Dezernentenabitur stehen die ersten sehr konkreten Aufgaben an. All diesem sieht Frau Gerdes sehr positiv entgegen und freut sich auf die intensive Zusammenarbeit mit allen Beteiligten.<\/p>\n","protected":false},"excerpt":{"rendered":"<p>Nach einem turbulenten halben Jahr unter der engagierten und professionellen kommissarischen Leitung von Herrn Herding und dem Schulleitungsteam mit Herrn Schniers und Herrn R\u00fclander hat unsere Schule nun eine neue Schulleiterin: Wir freuen uns, dass Frau Dunja Gerdes die Aufgabe<\/p>\n","protected":false},"author":1256,"featured_media":4551,"comment_status":"closed","ping_status":"closed","sticky":false,"template":"","format":"standard","meta":{"footnotes":""},"categories":[59,2],"tags":[],"class_list":["post-4548","post","type-post","status-publish","format-standard","has-post-thumbnail","hentry","category-59","category-aktuelles"],"_links":{"self":[{"href":"https:\/\/wordpress.nibis.de\/gymharen\/wp-json\/wp\/v2\/posts\/4548","targetHints":{"allow":["GET"]}}],"collection":[{"href":"https:\/\/wordpress.nibis.de\/gymharen\/wp-json\/wp\/v2\/posts"}],"about":[{"href":"https:\/\/wordpress.nibis.de\/gymharen\/wp-json\/wp\/v2\/types\/post"}],"author":[{"embeddable":true,"href":"https:\/\/wordpress.nibis.de\/gymharen\/wp-json\/wp\/v2\/users\/1256"}],"replies":[{"embeddable":true,"href":"https:\/\/wordpress.nibis.de\/gymharen\/wp-json\/wp\/v2\/comments?post=4548"}],"version-history":[{"count":6,"href":"https:\/\/wordpress.nibis.de\/gymharen\/wp-json\/wp\/v2\/posts\/4548\/revisions"}],"predecessor-version":[{"id":5111,"href":"https:\/\/wordpress.nibis.de\/gymharen\/wp-json\/wp\/v2\/posts\/4548\/revisions\/5111"}],"wp:featuredmedia":[{"embeddable":true,"href":"https:\/\/wordpress.nibis.de\/gymharen\/wp-json\/wp\/v2\/media\/4551"}],"wp:attachment":[{"href":"https:\/\/wordpress.nibis.de\/gymharen\/wp-json\/wp\/v2\/media?parent=4548"}],"wp:term":[{"taxonomy":"category","embeddable":true,"href":"https:\/\/wordpress.nibis.de\/gymharen\/wp-json\/wp\/v2\/categories?post=4548"},{"taxonomy":"post_tag","embeddable":true,"href":"https:\/\/wordpress.nibis.de\/gymharen\/wp-json\/wp\/v2\/tags?post=4548"}],"curies":[{"name":"wp","href":"https:\/\/api.w.org\/{rel}","templated":true}]}}