{"id":1762,"date":"2022-12-10T12:23:41","date_gmt":"2022-12-10T11:23:41","guid":{"rendered":"https:\/\/wordpress.nibis.de\/gymlox\/?p=1762"},"modified":"2022-12-10T12:23:43","modified_gmt":"2022-12-10T11:23:43","slug":"lesung-von-anke-baer-fuer-die-5-und-6-klassen-im-rahmen-des-bunten-leseherbstes-2022","status":"publish","type":"post","link":"https:\/\/wordpress.nibis.de\/gymlox\/lesung-von-anke-baer-fuer-die-5-und-6-klassen-im-rahmen-des-bunten-leseherbstes-2022\/","title":{"rendered":"Lesung von Anke B\u00e4r f\u00fcr die 5. und 6. Klassen im Rahmen des BUNTEN LESEHERBSTES 2022"},"content":{"rendered":"\n<div class=\"page\" title=\"Page 1\">\n<div class=\"layoutArea\">\n<div class=\"column\">\n<p>(veranstaltet vom Friedrich-B\u00f6decker-Kreis im Land Bremen)<\/p>\n<\/div>\n<\/div>\n<\/div>\n\n\n\n\n\n<figure class=\"wp-block-gallery has-nested-images columns-default is-cropped wp-block-gallery-1 is-layout-flex wp-block-gallery-is-layout-flex\">\n<figure class=\"wp-block-image size-full\"><img loading=\"lazy\" decoding=\"async\" width=\"640\" height=\"480\" data-id=\"1763\" src=\"https:\/\/wordpress.nibis.de\/gymlox\/files\/2022\/12\/IMG_8984.jpg\" alt=\"\" class=\"wp-image-1763\" \/><\/figure>\n\n\n\n<figure class=\"wp-block-image size-full\"><img loading=\"lazy\" decoding=\"async\" width=\"480\" height=\"640\" data-id=\"1764\" src=\"https:\/\/wordpress.nibis.de\/gymlox\/files\/2022\/12\/IMG_8986-rotated.jpg\" alt=\"\" class=\"wp-image-1764\" \/><\/figure>\n<\/figure>\n\n\n\n\n\n<p>Am 06.12.22 gab es f\u00fcr die F\u00fcnft- und. Sechstkl\u00e4ssler ein besonderes Geschenk zum Nikolaustag:<br>Die Bremer Kinderbuchautorin und -illustratorin Anke B\u00e4r ging mit ihnen auf eine Zeitreise ins Deutschland der 1950er Jahre. Sie las einige Kapitel aus ihrem Buch&nbsp;\u201eKirschendiebe oder als der Krieg vorbei war\u201c&nbsp;vor und kam mit den Kindern in ein reges Gespr\u00e4ch \u00fcber die Kindheit der eigenen Mutter (die als Vorbild f\u00fcr die Hauptfigur im Buch gedient hatte). Auch unsere F\u00fcnft- und Sechstkl\u00e4ssler hatten viel dar\u00fcber zu erz\u00e4hlen, was sie schon von ihren (Gro\u00df)Eltern \u00fcber Schule damals geh\u00f6rt hatten.<\/p>\n\n\n\n<p>Anke B\u00e4r hatte noch etwas Besonderes mitgebracht: einen wundersch\u00f6n bebilderten alten Adventskalender! Die Sch\u00fclerinnen und Sch\u00fcler waren davon und auch von den h\u00fcbschen Illustrationen der Autorin hellauf begeistert.<br>Am Ende bekam jeder, der wollte, eine Autogrammkarte von Anke B\u00e4r geschenkt.<\/p>\n\n\n\n<p>Das Buch \u201eKirschendiebe &#8230;\u201c steht ab sofort in unserer Schulb\u00fccherei!&nbsp;S. Seifert<\/p>\n","protected":false},"excerpt":{"rendered":"<p>(veranstaltet vom Friedrich-B\u00f6decker-Kreis im Land Bremen) Am 06.12.22 gab es f\u00fcr die F\u00fcnft- und. Sechstkl\u00e4ssler ein besonderes Geschenk zum Nikolaustag:Die Bremer Kinderbuchautorin und -illustratorin Anke B\u00e4r ging mit ihnen auf eine Zeitreise ins Deutschland der 1950er Jahre. Sie las einige &hellip; <a href=\"https:\/\/wordpress.nibis.de\/gymlox\/lesung-von-anke-baer-fuer-die-5-und-6-klassen-im-rahmen-des-bunten-leseherbstes-2022\/\">Weiterlesen <span class=\"meta-nav\">&rarr;<\/span><\/a><\/p>\n","protected":false},"author":9193182,"featured_media":0,"comment_status":"closed","ping_status":"closed","sticky":false,"template":"","format":"standard","meta":{"footnotes":""},"categories":[1],"tags":[],"class_list":["post-1762","post","type-post","status-publish","format-standard","hentry","category-allgemein"],"_links":{"self":[{"href":"https:\/\/wordpress.nibis.de\/gymlox\/wp-json\/wp\/v2\/posts\/1762","targetHints":{"allow":["GET"]}}],"collection":[{"href":"https:\/\/wordpress.nibis.de\/gymlox\/wp-json\/wp\/v2\/posts"}],"about":[{"href":"https:\/\/wordpress.nibis.de\/gymlox\/wp-json\/wp\/v2\/types\/post"}],"author":[{"embeddable":true,"href":"https:\/\/wordpress.nibis.de\/gymlox\/wp-json\/wp\/v2\/users\/9193182"}],"replies":[{"embeddable":true,"href":"https:\/\/wordpress.nibis.de\/gymlox\/wp-json\/wp\/v2\/comments?post=1762"}],"version-history":[{"count":1,"href":"https:\/\/wordpress.nibis.de\/gymlox\/wp-json\/wp\/v2\/posts\/1762\/revisions"}],"predecessor-version":[{"id":1765,"href":"https:\/\/wordpress.nibis.de\/gymlox\/wp-json\/wp\/v2\/posts\/1762\/revisions\/1765"}],"wp:attachment":[{"href":"https:\/\/wordpress.nibis.de\/gymlox\/wp-json\/wp\/v2\/media?parent=1762"}],"wp:term":[{"taxonomy":"category","embeddable":true,"href":"https:\/\/wordpress.nibis.de\/gymlox\/wp-json\/wp\/v2\/categories?post=1762"},{"taxonomy":"post_tag","embeddable":true,"href":"https:\/\/wordpress.nibis.de\/gymlox\/wp-json\/wp\/v2\/tags?post=1762"}],"curies":[{"name":"wp","href":"https:\/\/api.w.org\/{rel}","templated":true}]}}